{"id":904,"date":"2021-04-12T09:25:53","date_gmt":"2021-04-12T07:25:53","guid":{"rendered":"https:\/\/albert.przemyska.pl\/?p=904"},"modified":"2021-04-12T09:25:53","modified_gmt":"2021-04-12T07:25:53","slug":"niedziela-milosierdzia-bozego-11-04-2021","status":"publish","type":"post","link":"https:\/\/albert.przemyska.pl\/?p=904","title":{"rendered":"NIEDZIELA MI\u0141OSIERDZIA BO\u017bEGO 11.04.2021."},"content":{"rendered":"\n<p class=\"has-text-align-center has-vivid-red-color has-text-color has-medium-font-size\"><strong>OG\u0141OSZENIA DUSZPASTERSKIE<\/strong><\/p>\n\n\n\n<ol class=\"wp-block-list\"><li>NIEDZIEL\u0104 BO\u017bEGO MI\u0141OSIERDZIA ko\u0144czymy dzisiaj Oktaw\u0119 \u015awi\u0105t Wielkanocnych. Jednoczymy si\u0119 z ca\u0142ym Ko\u015bcio\u0142em, kt\u00f3ry w tym paschalnym czasie ufnie wyprasza mi\u0142osierdzie Boga dla \u015bwiata i ka\u017cdego cz\u0142owieka odkupionego Krwi\u0105 Zbawiciela. Przypominamy, \u017ce codziennie za pobo\u017cne odm\u00f3wienie Koronki do Bo\u017cego Mi\u0142osierdzia w ko\u015bciele lub kaplicy wobec Naj\u015bwi\u0119tszego Sakramentu mo\u017cna zyska\u0107 odpust zupe\u0142ny pod zwyk\u0142ymi warunkami. Chorzy mog\u0105 zyskiwa\u0107 ten odpust w domu. W parafii Bo\u017cego Mi\u0142osierdzia w Przemy\u015blu dzi\u015b uroczysto\u015b\u0107 odpustowa.<\/li><li>Po Mszy \u015bw. o godz. 15.30 adoracja Naj\u015bwi\u0119tszego Sakramentu, a od 17.30 nabo\u017ce\u0144stwo do Bo\u017cego Mi\u0142osierdzia. Po nabo\u017ce\u0144stwie zmiana tajemnic r\u00f3\u017ca\u0144ca. Skarbonki z wiekopostn\u0105 ja\u0142mu\u017cn\u0105 mo\u017cna sk\u0142ada\u0107 w zakrystii.Serdeczne podzi\u0119kowanie za sk\u0142adane dzi\u015b ofiary na potrzeby parafii.<\/li><li>Niedziela dzisiejsza rozpoczyna w ca\u0142ym Ko\u015bciele TYDZIE\u0143 MI\u0141OSIERDZIA pod has\u0142em Jeste\u015bmy wezwani do mi\u0142osierdzia. Z woli Ojca \u015bw. Franciszka w\u0142a\u015bnie dzi\u015b w \u015awi\u0119to Mi\u0142osierdzia po Mszach \u015bw. zbi\u00f3rka ofiar na wsparcie dzia\u0142alno\u015bci Caritas. Jest jeszcze mi\u00f3d, kt\u00f3ry jest tak\u017ce form\u0105 wsparcia Hospicjum Caritas w Przemy\u015blu.<\/li><li>Dzisiaj na godz. 19.30 serdecznie zapraszamy na WIECZORN\u0104 MODLITW\u0118 UWIELBIENIA Chrystusa Mi\u0142osiernego jako dope\u0142nienie paschalnej drogi Chrystusa.<\/li><li>Od jutra w naszej parafii rozpoczn\u0105 si\u0119 KATECHEZY PRZEDMAL\u017bE\u0143SKIE. Spotkania b\u0119d\u0105 si\u0119 odbywa\u0107 w poniedzia\u0142ki, \u015brody i pi\u0105tki o godz.19.00.<\/li><li>SZKO\u0141A SALEZJA\u0143SKA w Przemy\u015blu zaprasza kandydat\u00f3w. Budujemy wsp\u00f3lnot\u0119 edukacyjno \u2013 wychowawcz\u0105 w duchu rodzinnym, opart\u0105 na chrze\u015bcija\u0144skich warto\u015bciach. Ch\u0119tnych rodzic\u00f3w zapraszamy do kontaktu z<br>sekretariatem szko\u0142y.<\/li><li>Dzi\u0119kujemy parafianom z III klatki bloku nr 15 przy ul. Rogozi\u0144skiego za ofiary na sprz\u0105tanie i&nbsp;wystr\u00f3j \u015bwi\u0105tyni. Teraz prosimy o ofiary parafian z kl. IV bloku nr 15.<\/li><li>Zach\u0119camy gor\u0105co do lektury prasy katolickiej. Sporo temat\u00f3w pog\u0142\u0119biaj\u0105cych paschalne prawdy wiary zwi\u0105zane ze zmartwychwstaniem i \u017cyciem wiecznym.<\/li><\/ol>\n\n\n\n<p>Niech Bo\u017ce b\u0142ogos\u0142awie\u0144stwo pomna\u017ca paschalne dary pokoju i mi\u0142osierdzia w<br>naszych sercach, w rodzinach i ca\u0142ej wsp\u00f3lnocie.<\/p>\n","protected":false},"excerpt":{"rendered":"<p>OG\u0141OSZENIA DUSZPASTERSKIE NIEDZIEL\u0104 BO\u017bEGO MI\u0141OSIERDZIA ko\u0144czymy dzisiaj Oktaw\u0119 \u015awi\u0105t Wielkanocnych. Jednoczymy si\u0119 z ca\u0142ym Ko\u015bcio\u0142em, kt\u00f3ry w tym paschalnym czasie ufnie wyprasza mi\u0142osierdzie Boga dla \u015bwiata i ka\u017cdego cz\u0142owieka odkupionego Krwi\u0105 Zbawiciela. Przypominamy, \u017ce codziennie za pobo\u017cne odm\u00f3wienie Koronki do Bo\u017cego Mi\u0142osierdzia w ko\u015bciele lub kaplicy wobec Naj\u015bwi\u0119tszego Sakramentu mo\u017cna zyska\u0107 odpust zupe\u0142ny pod zwyk\u0142ymi &hellip; <\/p>\n<p class=\"link-more\"><a href=\"https:\/\/albert.przemyska.pl\/?p=904\" class=\"more-link\">Czytaj dalej<span class=\"screen-reader-text\"> \u201eNIEDZIELA MI\u0141OSIERDZIA BO\u017bEGO 11.04.2021.\u201d<\/span><\/a><\/p>\n","protected":false},"author":1,"featured_media":905,"comment_status":"closed","ping_status":"closed","sticky":false,"template":"","format":"standard","meta":{"footnotes":""},"categories":[3],"tags":[],"class_list":["post-904","post","type-post","status-publish","format-standard","has-post-thumbnail","hentry","category-ogloszenia"],"_links":{"self":[{"href":"https:\/\/albert.przemyska.pl\/index.php?rest_route=\/wp\/v2\/posts\/904","targetHints":{"allow":["GET"]}}],"collection":[{"href":"https:\/\/albert.przemyska.pl\/index.php?rest_route=\/wp\/v2\/posts"}],"about":[{"href":"https:\/\/albert.przemyska.pl\/index.php?rest_route=\/wp\/v2\/types\/post"}],"author":[{"embeddable":true,"href":"https:\/\/albert.przemyska.pl\/index.php?rest_route=\/wp\/v2\/users\/1"}],"replies":[{"embeddable":true,"href":"https:\/\/albert.przemyska.pl\/index.php?rest_route=%2Fwp%2Fv2%2Fcomments&post=904"}],"version-history":[{"count":1,"href":"https:\/\/albert.przemyska.pl\/index.php?rest_route=\/wp\/v2\/posts\/904\/revisions"}],"predecessor-version":[{"id":906,"href":"https:\/\/albert.przemyska.pl\/index.php?rest_route=\/wp\/v2\/posts\/904\/revisions\/906"}],"wp:featuredmedia":[{"embeddable":true,"href":"https:\/\/albert.przemyska.pl\/index.php?rest_route=\/wp\/v2\/media\/905"}],"wp:attachment":[{"href":"https:\/\/albert.przemyska.pl\/index.php?rest_route=%2Fwp%2Fv2%2Fmedia&parent=904"}],"wp:term":[{"taxonomy":"category","embeddable":true,"href":"https:\/\/albert.przemyska.pl\/index.php?rest_route=%2Fwp%2Fv2%2Fcategories&post=904"},{"taxonomy":"post_tag","embeddable":true,"href":"https:\/\/albert.przemyska.pl\/index.php?rest_route=%2Fwp%2Fv2%2Ftags&post=904"}],"curies":[{"name":"wp","href":"https:\/\/api.w.org\/{rel}","templated":true}]}}