{"id":908,"date":"2021-04-25T15:18:28","date_gmt":"2021-04-25T13:18:28","guid":{"rendered":"https:\/\/albert.przemyska.pl\/?p=908"},"modified":"2021-04-25T15:18:28","modified_gmt":"2021-04-25T13:18:28","slug":"4-niedziela-wielkanocna-dobrego-pasterza-25-04-2021","status":"publish","type":"post","link":"https:\/\/albert.przemyska.pl\/?p=908","title":{"rendered":"4 NIEDZIELA WIELKANOCNA DOBREGO PASTERZA 25.04.2021."},"content":{"rendered":"\n<p class=\"has-text-align-center has-vivid-red-color has-text-color has-medium-font-size\"><strong>OG\u0141OSZENIA DUSZPASTERSKIE<\/strong><\/p>\n\n\n\n<ol class=\"wp-block-list\"><li>NIEDZIELA DOBREGO PASTERZA rozpoczyna TYDZIE\u0143 MODLITW O POWO\u0141ANIA DO S\u0141U\u017bBY BO\u017bEJ. Modlimy si\u0119 za kap\u0142an\u00f3w, siostry zakonne pochodz\u0105cych z naszej parafii, proboszcz\u00f3w i wikariuszy pracuj\u0105cych w naszej wsp\u00f3lnocie, a szczeg\u00f3lnie wypraszamy dar nowych powo\u0142a\u0144 do s\u0142u\u017cby Bo\u017cej z naszej wsp\u00f3lnoty parafialnej.<\/li><li>Po Mszy \u015bw. o godz. 15.30 ADORACJA Naj\u015bwi\u0119tszego Sakramentu, a od 17.30 nabo\u017ce\u0144stwo r\u00f3\u017ca\u0144cowe w intencji powo\u0142a\u0144 kap\u0142a\u0144skich i zakonnych z naszej parafii. Za tydzie\u0144 po nabo\u017ce\u0144stwie zmiana tajemnic r\u00f3\u017ca\u0144cowych.<\/li><li>W czwartek wypada \u015bwi\u0119to \u015bw. Katarzyny ze Sieny, dziewicy i patronki Europy. W tym tygodniu wypada pierwsza sobota miesi\u0105ca maja. Rozpoczynamy nabo\u017ce\u0144stwa fatimskie. Po wieczornej Mszy \u015bw. r\u00f3\u017caniec fatimski.<\/li><li>W sobot\u0119 rozpoczynamy nabo\u017ce\u0144stwa majowe. Maj\u00f3wka codziennie o godz. 17.30 a po niej wieczorna Eucharystia.<\/li><li>Dzi\u0119kujemy parafianom z V klatki bloku nr 15 przy ul. Rogozi\u0144skiego za ofiary na sprz\u0105tanie i&nbsp;wystr\u00f3j \u015bwi\u0105tyni. Teraz prosimy o ofiary parafian z klatki VI bloku nr 15.<\/li><\/ol>\n\n\n\n<p>6 Serdecznie zach\u0119camy do lektury NIEDZIELI oraz GO\u015aCIA NIEDZIELNEGO. S\u0105 ju\u017c nowe numery MA\u0141EGO GO\u015aCIA. Zach\u0119camy rodzic\u00f3w do lektury wraz z dzie\u0107mi<\/p>\n\n\n\n<ol class=\"wp-block-list\" start=\"7\"><li>Zmar\u0142 tato ks. Piotra naszego wikariusza. Uroczysto\u015bci pogrzebowe odb\u0119d\u0105 si\u0119 w czwartek w Sanoku w parafii Naj\u015bwi\u0119tszego Serca Pana Jezusa na Posadzie. Rozpoczn\u0105 si\u0119 modlitw\u0105 r\u00f3\u017ca\u0144cow\u0105 o godz. 13.00, natomiast o godz. 14.00 odprawiona zostanie Msza \u015bw. pogrzebowa w intencji zmar\u0142ego Andrzeja. Ks. Piotrowi i ca\u0142ej rodzinie sk\u0142adamy serdeczne wyrazy wsp\u00f3\u0142czucia oraz modlitewnego wsparcia. Pole\u0107my Bo\u017cemu mi\u0142osierdziu \u015bp. Andrzeja i bliskich zmar\u0142ych \u2013 Wieczny odpoczynek\u2026<\/li><li>Niech Bo\u017ce b\u0142ogos\u0142awie\u0144stwo pomna\u017ca \u0142ask\u0119 paschalnej wiary, kt\u00f3r\u0105 otrzymali\u015bmy na chrzcie \u015bwi\u0119tym i pomaga nam ufnie pod\u0105\u017ca\u0107 za zmartwychwsta\u0142ym Pasterzem.<\/li><\/ol>\n","protected":false},"excerpt":{"rendered":"<p>OG\u0141OSZENIA DUSZPASTERSKIE NIEDZIELA DOBREGO PASTERZA rozpoczyna TYDZIE\u0143 MODLITW O POWO\u0141ANIA DO S\u0141U\u017bBY BO\u017bEJ. Modlimy si\u0119 za kap\u0142an\u00f3w, siostry zakonne pochodz\u0105cych z naszej parafii, proboszcz\u00f3w i wikariuszy pracuj\u0105cych w naszej wsp\u00f3lnocie, a szczeg\u00f3lnie wypraszamy dar nowych powo\u0142a\u0144 do s\u0142u\u017cby Bo\u017cej z naszej wsp\u00f3lnoty parafialnej. Po Mszy \u015bw. o godz. 15.30 ADORACJA Naj\u015bwi\u0119tszego Sakramentu, a od 17.30 &hellip; <\/p>\n<p class=\"link-more\"><a href=\"https:\/\/albert.przemyska.pl\/?p=908\" class=\"more-link\">Czytaj dalej<span class=\"screen-reader-text\"> \u201e4 NIEDZIELA WIELKANOCNA DOBREGO PASTERZA 25.04.2021.\u201d<\/span><\/a><\/p>\n","protected":false},"author":1,"featured_media":909,"comment_status":"closed","ping_status":"closed","sticky":false,"template":"","format":"standard","meta":{"footnotes":""},"categories":[3],"tags":[],"class_list":["post-908","post","type-post","status-publish","format-standard","has-post-thumbnail","hentry","category-ogloszenia"],"_links":{"self":[{"href":"https:\/\/albert.przemyska.pl\/index.php?rest_route=\/wp\/v2\/posts\/908","targetHints":{"allow":["GET"]}}],"collection":[{"href":"https:\/\/albert.przemyska.pl\/index.php?rest_route=\/wp\/v2\/posts"}],"about":[{"href":"https:\/\/albert.przemyska.pl\/index.php?rest_route=\/wp\/v2\/types\/post"}],"author":[{"embeddable":true,"href":"https:\/\/albert.przemyska.pl\/index.php?rest_route=\/wp\/v2\/users\/1"}],"replies":[{"embeddable":true,"href":"https:\/\/albert.przemyska.pl\/index.php?rest_route=%2Fwp%2Fv2%2Fcomments&post=908"}],"version-history":[{"count":1,"href":"https:\/\/albert.przemyska.pl\/index.php?rest_route=\/wp\/v2\/posts\/908\/revisions"}],"predecessor-version":[{"id":910,"href":"https:\/\/albert.przemyska.pl\/index.php?rest_route=\/wp\/v2\/posts\/908\/revisions\/910"}],"wp:featuredmedia":[{"embeddable":true,"href":"https:\/\/albert.przemyska.pl\/index.php?rest_route=\/wp\/v2\/media\/909"}],"wp:attachment":[{"href":"https:\/\/albert.przemyska.pl\/index.php?rest_route=%2Fwp%2Fv2%2Fmedia&parent=908"}],"wp:term":[{"taxonomy":"category","embeddable":true,"href":"https:\/\/albert.przemyska.pl\/index.php?rest_route=%2Fwp%2Fv2%2Fcategories&post=908"},{"taxonomy":"post_tag","embeddable":true,"href":"https:\/\/albert.przemyska.pl\/index.php?rest_route=%2Fwp%2Fv2%2Ftags&post=908"}],"curies":[{"name":"wp","href":"https:\/\/api.w.org\/{rel}","templated":true}]}}