{"id":911,"date":"2021-05-02T13:49:56","date_gmt":"2021-05-02T11:49:56","guid":{"rendered":"https:\/\/albert.przemyska.pl\/?p=911"},"modified":"2021-05-02T13:49:56","modified_gmt":"2021-05-02T11:49:56","slug":"5-niedziela-wielkanocna-2-05-2021","status":"publish","type":"post","link":"https:\/\/albert.przemyska.pl\/?p=911","title":{"rendered":"5 NIEDZIELA WIELKANOCNA 2.05.2021."},"content":{"rendered":"\n<p class=\"has-text-align-center has-vivid-red-color has-text-color has-medium-font-size\"><strong>OG\u0141OSZENIA DUSZPASTERSKIE<\/strong><\/p>\n\n\n\n<ol class=\"wp-block-list\"><li>Po Mszy \u015bw. o godz. 15.30 adoracja Naj\u015bwi\u0119tszego Sakramentu, a o godz. 17.30 nabo\u017ce\u0144stwo majowe i zmiana tajemnic r\u00f3\u017ca\u0144cowych. Sk\u0142adka dzisiejsza przeznaczona jest na potrzeby archidiecezji. W przysz\u0142\u0105 niedziel\u0119 TOWARZYSTWO \u015aW. BRATA ALBERTA b\u0119dzie kwestowa\u0142o po Mszach \u015bw. na potrzeby pobliskiego Schroniska dla Bezdomnych.<\/li><li>W poniedzia\u0142ek UROCZYSTO\u015a\u0106 NMP KR\u00d3LOWEJ POLSKI i 230 rocznica uchwalenia Konstytucji 3 Maja. Porz\u0105dek Mszy \u015bw. niedzielny &#8211; nie b\u0119dzie Mszy \u015bw. o godz. 15.30. W parafii na Kmieciach uroczysto\u015b\u0107 odpustowa.<\/li><li>W tym tygodniu PIERWSZY CZWARTEK i PI\u0104TEK miesi\u0105ca maja. W czwartek od godz. 17.00 adoracja. Po Mszy \u015bw. wieczornej spotkanie Akcji Katolickiej. W pi\u0105tek o sta\u0142ych porach udamy si\u0119 do chorych. Pierwszopi\u0105tkowa spowied\u017a od godz. 16.30.<\/li><li>W sobot\u0119 uroczysto\u015b\u0107 \u015bw. Stanis\u0142awa biskupa i m\u0119czennika, Patrona Polski. Jest to dzie\u0144 imienin ks. bpa Stanis\u0142awa JAMROZKA, dlatego polecajmy w modlitwie jego apostolsk\u0105 pos\u0142ug\u0119 w naszym przemyskim Ko\u015bciele.<\/li><li>W przysz\u0142\u0105 niedziel\u0119 w naszej parafii na Mszy \u015bw. o godz. 12.30 uroczysto\u015b\u0107 Pierwszej Komunii \u015bw. W pi\u0105tek od godz. 15.30 spowied\u017a dla dzieci oraz rodzic\u00f3w.<\/li><li>Dzi\u0119kujemy parafianom z VI klatki bloku nr 15 przy ul. Rogozi\u0144skiego za ofiary na sprz\u0105tanie i&nbsp;wystr\u00f3j \u015bwi\u0105tyni. Teraz prosimy o ofiary parafian z klatki I bloku nr 17.<\/li><li>Rozpocz\u0119li\u015bmy miesi\u0105c maj. W naszym ko\u015bciele NABO\u017bE\u0143STWA MAJOWE codziennie o godz. 17.30, a po niej wieczorna Msza \u015bw. Bardzo serdecznie zapraszamy dzieci wraz z rodzicami, m\u0142odzie\u017c oraz doros\u0142ych do modlitwy za przyczyn\u0105 Maryi.<\/li><li>W tym tygodniu wspominamy w liturgii:<br>\uf0b7 wtorek \u2013 \u015bw. Floriana, m\u0119czennika<br>\uf0b7 \u015broda \u2013 rocznic\u0119 po\u015bwi\u0119cenia Bazyliki Archikatedralnej<br>\uf0b7 czwartek \u2013 \u015bw. Filipa i Jakuba, aposto\u0142\u00f3w<br>\uf0b7 sobota \u2013 \u015bw. Stanis\u0142awa, bpa i m\u0119czennika<\/li><li>Zach\u0119camy serdecznie do lektury prasy katolickiej. Pocz\u0105tek maja przynosi zawsze tematy maryjne i patriotyczne. Dzi\u015b przypada pierwsza rocznica \u015bwi\u0119ce\u0144 biskupich ks. bpa Krzysztofa CHUDZIO, polecajmy jego apostolsk\u0105 pos\u0142ug\u0119 opiece Matki Naj\u015bwi\u0119tszej \u2013 Pod Twoj\u0105 obron\u0119\u2026<\/li><\/ol>\n","protected":false},"excerpt":{"rendered":"<p>OG\u0141OSZENIA DUSZPASTERSKIE Po Mszy \u015bw. o godz. 15.30 adoracja Naj\u015bwi\u0119tszego Sakramentu, a o godz. 17.30 nabo\u017ce\u0144stwo majowe i zmiana tajemnic r\u00f3\u017ca\u0144cowych. Sk\u0142adka dzisiejsza przeznaczona jest na potrzeby archidiecezji. W przysz\u0142\u0105 niedziel\u0119 TOWARZYSTWO \u015aW. BRATA ALBERTA b\u0119dzie kwestowa\u0142o po Mszach \u015bw. na potrzeby pobliskiego Schroniska dla Bezdomnych. W poniedzia\u0142ek UROCZYSTO\u015a\u0106 NMP KR\u00d3LOWEJ POLSKI i 230 rocznica &hellip; <\/p>\n<p class=\"link-more\"><a href=\"https:\/\/albert.przemyska.pl\/?p=911\" class=\"more-link\">Czytaj dalej<span class=\"screen-reader-text\"> \u201e5 NIEDZIELA WIELKANOCNA 2.05.2021.\u201d<\/span><\/a><\/p>\n","protected":false},"author":1,"featured_media":0,"comment_status":"closed","ping_status":"closed","sticky":false,"template":"","format":"standard","meta":{"footnotes":""},"categories":[3],"tags":[],"class_list":["post-911","post","type-post","status-publish","format-standard","hentry","category-ogloszenia"],"_links":{"self":[{"href":"https:\/\/albert.przemyska.pl\/index.php?rest_route=\/wp\/v2\/posts\/911","targetHints":{"allow":["GET"]}}],"collection":[{"href":"https:\/\/albert.przemyska.pl\/index.php?rest_route=\/wp\/v2\/posts"}],"about":[{"href":"https:\/\/albert.przemyska.pl\/index.php?rest_route=\/wp\/v2\/types\/post"}],"author":[{"embeddable":true,"href":"https:\/\/albert.przemyska.pl\/index.php?rest_route=\/wp\/v2\/users\/1"}],"replies":[{"embeddable":true,"href":"https:\/\/albert.przemyska.pl\/index.php?rest_route=%2Fwp%2Fv2%2Fcomments&post=911"}],"version-history":[{"count":1,"href":"https:\/\/albert.przemyska.pl\/index.php?rest_route=\/wp\/v2\/posts\/911\/revisions"}],"predecessor-version":[{"id":913,"href":"https:\/\/albert.przemyska.pl\/index.php?rest_route=\/wp\/v2\/posts\/911\/revisions\/913"}],"wp:attachment":[{"href":"https:\/\/albert.przemyska.pl\/index.php?rest_route=%2Fwp%2Fv2%2Fmedia&parent=911"}],"wp:term":[{"taxonomy":"category","embeddable":true,"href":"https:\/\/albert.przemyska.pl\/index.php?rest_route=%2Fwp%2Fv2%2Fcategories&post=911"},{"taxonomy":"post_tag","embeddable":true,"href":"https:\/\/albert.przemyska.pl\/index.php?rest_route=%2Fwp%2Fv2%2Ftags&post=911"}],"curies":[{"name":"wp","href":"https:\/\/api.w.org\/{rel}","templated":true}]}}