{"id":916,"date":"2021-05-09T14:08:30","date_gmt":"2021-05-09T12:08:30","guid":{"rendered":"https:\/\/albert.przemyska.pl\/?p=916"},"modified":"2021-05-09T14:08:30","modified_gmt":"2021-05-09T12:08:30","slug":"6-niedziela-wielkanocna-9-05-2021","status":"publish","type":"post","link":"https:\/\/albert.przemyska.pl\/?p=916","title":{"rendered":"6 NIEDZIELA WIELKANOCNA 9.05.2021."},"content":{"rendered":"\n<p class=\"has-text-align-center has-vivid-red-color has-text-color has-medium-font-size\"><strong>OG\u0141OSZENIA DUSZPASTERSKIE<\/strong><\/p>\n\n\n\n<ol class=\"wp-block-list\"><li>Po Mszy \u015bw. o godz. 15.30 ADORACJA NAJ\u015aWI\u0118TSZEGO SAKRAMENTU, a o godz. 17.30 nabo\u017ce\u0144stwo majowe. TOWARZYSTWO \u015aW. BRATA ALBERTA kwestuje dzisiaj po Mszach \u015bw. na potrzeby pobliskiego Schroniska dla Bezdomnych. Zach\u0119camy serdecznie do wsparcia. B\u00f3g zap\u0142a\u0107 za ofiary sk\u0142adane na potrzeby parafii.<\/li><li>Dzisiaj na Mszy \u015bw. o godz. 12.30 uroczysto\u015b\u0107 Pierwszej Komunii \u015bw., kt\u00f3ra rozpocznie BIA\u0141Y TYDZIE\u0143. Zach\u0119camy dzieci i rodzic\u00f3w, aby czas tego tygodnia by\u0142 wsp\u00f3lnym dzi\u0119kczynieniem za prawdziw\u0105 obecno\u015b\u0107 Pana Jezusa w sercach dzieci.<\/li><li>W przysz\u0142\u0105 niedziel\u0119 uroczysto\u015b\u0107 Wniebowst\u0105pienia Pa\u0144skiego. W naszej archidiecezji \u015bwi\u0119cenia diakon\u00f3w. Polecajmy w modlitwie kandydat\u00f3w do \u015bwi\u0119ce\u0144.<\/li><li>W poniedzia\u0142ek, wtorek i \u015brod\u0119 wypadaj\u0105 DNI KRZY\u017bOWE. Jest to czas modlitwy ca\u0142ego Ko\u015bcio\u0142a o urodzaje dla ziemi i b\u0142ogos\u0142awie\u0144stwo w pracy na roli.<\/li><li>W czwartek zapraszamy klasy VIII na spotkanie formacyjne przed bierzmowaniem. Spotkanie rozpoczynamy o godz. 17.30 nabo\u017ce\u0144stwem majowym.<\/li><li>W pi\u0105tek pocz\u0105tek Nowenny przed uroczysto\u015bci\u0105 Zes\u0142ania Ducha \u015awi\u0119tego. Polecajmy w modlitwie przyjmuj\u0105cych \u015bwi\u0119cenia i m\u00f3dlmy si\u0119 o dar wierno\u015bci i\u00a0gorliwo\u015bci w s\u0142u\u017cbie Bogu i ludziom dla przysz\u0142ych kap\u0142an\u00f3w.<\/li><li>Dzi\u0119kujemy parafianom z I klatki bloku nr 17 przy ul. Rogozi\u0144skiego za ofiary na sprz\u0105tanie i\u00a0wystr\u00f3j \u015bwi\u0105tyni. Teraz prosimy o ofiary parafian z klatki II bloku nr 17.<\/li><li>NABO\u017bE\u0143STWA MAJOWE w naszym ko\u015bciele codziennie o godz. 17.30, a po niej wieczorna Msza \u015bw. Gor\u0105co zach\u0119camy do chwalenia Maryi s\u0142owami litanii.<\/li><li>W tym tygodniu w liturgii w czwartek wspominamy NMP Fatimsk\u0105, a w pi\u0105tek \u2013\u015bw. Macieja, aposto\u0142a.<\/li><li>Zach\u0119camy serdecznie do pog\u0142\u0119biania wiary i wiedzy religijnej poprzez lektur\u0119 NIEDZIELI oraz GO\u015aCIA NIEDZIELNEGO. S\u0105 tak\u017ce nowe numery kwartalnika MISYJNE DROGI. Niech Bo\u017ce b\u0142ogos\u0142awie\u0144stwo umacnia nasz\u0105 wiar\u0119 i pomaga trwa\u0107 w przyja\u017ani z Chrystusem w codziennym \u017cyciu.<\/li><\/ol>\n","protected":false},"excerpt":{"rendered":"<p>OG\u0141OSZENIA DUSZPASTERSKIE Po Mszy \u015bw. o godz. 15.30 ADORACJA NAJ\u015aWI\u0118TSZEGO SAKRAMENTU, a o godz. 17.30 nabo\u017ce\u0144stwo majowe. TOWARZYSTWO \u015aW. BRATA ALBERTA kwestuje dzisiaj po Mszach \u015bw. na potrzeby pobliskiego Schroniska dla Bezdomnych. Zach\u0119camy serdecznie do wsparcia. B\u00f3g zap\u0142a\u0107 za ofiary sk\u0142adane na potrzeby parafii. Dzisiaj na Mszy \u015bw. o godz. 12.30 uroczysto\u015b\u0107 Pierwszej Komunii \u015bw., &hellip; <\/p>\n<p class=\"link-more\"><a href=\"https:\/\/albert.przemyska.pl\/?p=916\" class=\"more-link\">Czytaj dalej<span class=\"screen-reader-text\"> \u201e6 NIEDZIELA WIELKANOCNA 9.05.2021.\u201d<\/span><\/a><\/p>\n","protected":false},"author":1,"featured_media":0,"comment_status":"closed","ping_status":"closed","sticky":false,"template":"","format":"standard","meta":{"footnotes":""},"categories":[3],"tags":[],"class_list":["post-916","post","type-post","status-publish","format-standard","hentry","category-ogloszenia"],"_links":{"self":[{"href":"https:\/\/albert.przemyska.pl\/index.php?rest_route=\/wp\/v2\/posts\/916","targetHints":{"allow":["GET"]}}],"collection":[{"href":"https:\/\/albert.przemyska.pl\/index.php?rest_route=\/wp\/v2\/posts"}],"about":[{"href":"https:\/\/albert.przemyska.pl\/index.php?rest_route=\/wp\/v2\/types\/post"}],"author":[{"embeddable":true,"href":"https:\/\/albert.przemyska.pl\/index.php?rest_route=\/wp\/v2\/users\/1"}],"replies":[{"embeddable":true,"href":"https:\/\/albert.przemyska.pl\/index.php?rest_route=%2Fwp%2Fv2%2Fcomments&post=916"}],"version-history":[{"count":1,"href":"https:\/\/albert.przemyska.pl\/index.php?rest_route=\/wp\/v2\/posts\/916\/revisions"}],"predecessor-version":[{"id":918,"href":"https:\/\/albert.przemyska.pl\/index.php?rest_route=\/wp\/v2\/posts\/916\/revisions\/918"}],"wp:attachment":[{"href":"https:\/\/albert.przemyska.pl\/index.php?rest_route=%2Fwp%2Fv2%2Fmedia&parent=916"}],"wp:term":[{"taxonomy":"category","embeddable":true,"href":"https:\/\/albert.przemyska.pl\/index.php?rest_route=%2Fwp%2Fv2%2Fcategories&post=916"},{"taxonomy":"post_tag","embeddable":true,"href":"https:\/\/albert.przemyska.pl\/index.php?rest_route=%2Fwp%2Fv2%2Ftags&post=916"}],"curies":[{"name":"wp","href":"https:\/\/api.w.org\/{rel}","templated":true}]}}