{"id":920,"date":"2021-05-23T14:23:24","date_gmt":"2021-05-23T12:23:24","guid":{"rendered":"https:\/\/albert.przemyska.pl\/?p=920"},"modified":"2021-05-23T14:23:24","modified_gmt":"2021-05-23T12:23:24","slug":"uroczystosc-zeslania-ducha-swietego-23-05-2021","status":"publish","type":"post","link":"https:\/\/albert.przemyska.pl\/?p=920","title":{"rendered":"UROCZYSTO\u015a\u0106 ZES\u0141ANIA DUCHA \u015aWIETEGO 23.05.2021."},"content":{"rendered":"\n<p class=\"has-text-align-center has-vivid-red-color has-text-color has-medium-font-size\"><strong>OG\u0141OSZENIA DUSZPASTERSKIE<\/strong><\/p>\n\n\n\n<ol class=\"wp-block-list\"><li>Uroczysto\u015b\u0107 Zes\u0142ania Ducha \u015aw. jest dzi\u0119kczynieniem Ko\u015bcio\u0142a za dary jakimi B\u00f3g ubogaca i umacnia wsp\u00f3lnot\u0119 wierz\u0105cych w g\u0142oszeniu Ewangelii. W dniu wczorajszym w naszej katedrze zosta\u0142o wy\u015bwi\u0119conych 19 nowych kap\u0142an\u00f3w. Polecajmy w modlitwie ich pos\u0142ug\u0119, wypraszaj\u0105c im \u015bwiat\u0142o i moc Ducha \u015aw. Dzi\u015b za wsp\u00f3lne odm\u00f3wienie hymnu O Stworzycielu Duchu przyjd\u017a, mo\u017cna zyska\u0107 odpust zupe\u0142ny.<\/li><li>Dzisiaj po Mszy \u015bw. o godz. 15.30 ADORACJA NAJ\u015aWI\u0118TSZEGO SAKRAMENTU, a o godz. 17.30 nabo\u017ce\u0144stwo majowe. Przypominamy, \u017ce MAJ\u00d3WKA codziennie o godz. 17.30, a po niej wieczorna Msza \u015bw.<\/li><li>Jutro drugi dzie\u0144 Zielonych \u015awi\u0105t &#8211; \u015aWI\u0118TO MARYI MATKI KO\u015aCIO\u0141A. W naszej parafii Msze \u015bw. o godz. 8.00 i 18.00.<\/li><li>W tym tygodniu we wtorek i w czwartek o godz. 16.00 w ko\u015bciele odb\u0119d\u0105 si\u0119 pr\u00f3by dla dzieci, kt\u00f3re w tym roku b\u0119d\u0105 prze\u017cywa\u0107 rocznic\u0119 Komunii \u015bwi\u0119tej.<\/li><li>W czwartek &#8211; \u015aWI\u0118TO CHRYSTUSA NAJWY\u017bSZEGO KAP\u0141ANA. Modlimy si\u0119 o dar nowych powo\u0142a\u0144 kap\u0142a\u0144skich oraz o umocnienie kap\u0142an\u00f3w w \u0142asce powo\u0142ania.<\/li><li>Za tydzie\u0144 w niedziel\u0119 uroczysto\u015b\u0107 TR\u00d3JCY \u015aWI\u0118TEJ. Ko\u0144czy si\u0119 wtedy okres Komunii \u015bw. wielkanocnej. W parafii \u015awi\u0119tej Tr\u00f3jcy odpust parafialny.<\/li><li>Od 7 czerwca w parafii Salezja\u0144skiej KATECHEZY PRZEDMA\u0141\u017bE\u0143SKIE. Spotkania odbywa\u0107 si\u0119 b\u0119d\u0105 w poniedzia\u0142ki, \u015brody i pi\u0105tki o godz. 19.00.<\/li><li>Dzi\u0119kujemy parafianom z III klatki bloku nr 17 przy ul. Rogozi\u0144skiego za ofiary na sprz\u0105tanie i\u00a0wystr\u00f3j \u015bwi\u0105tyni. Teraz prosimy o ofiary parafian z klatki IV bl. nr 17.<\/li><li>W tym tygodniu wspominamy w liturgii:<br>\u2022 wtorek \u2013 \u015bw. Bed\u0119 Czcigodnego i \u015bw. Grzegorza VII, papie\u017ca<br>\u2022 \u015broda \u2013 \u015bw. Filipa Nereusza<br>\u2022 czwartek \u2013 Jezusa Chrystusa Najwy\u017cszego Kap\u0142ana<br>\u2022 sobota \u2013 \u015bw. Urszul\u0119 Led\u00f3chowsk\u0105<\/li><li>Serdecznie zach\u0119camy do lektury prasy katolickiej. W przemyskim dodatku NIEDZIELI sylwetki nowo wy\u015bwi\u0119conych diakon\u00f3w i neoprezbiter\u00f3w.  Zach\u0119camydo lektury. Opiece Maryi Matce Ko\u015bcio\u0142a pole\u0107my nowych kap\u0142an\u00f3w i diakon\u00f3w w naszej archidiecezji, prosz\u0105 tak\u017ce o dar nowych powo\u0142a\u0144 \u2013 Pod twoj\u0105 obron\u0119\u2026<\/li><\/ol>\n","protected":false},"excerpt":{"rendered":"<p>OG\u0141OSZENIA DUSZPASTERSKIE Uroczysto\u015b\u0107 Zes\u0142ania Ducha \u015aw. jest dzi\u0119kczynieniem Ko\u015bcio\u0142a za dary jakimi B\u00f3g ubogaca i umacnia wsp\u00f3lnot\u0119 wierz\u0105cych w g\u0142oszeniu Ewangelii. W dniu wczorajszym w naszej katedrze zosta\u0142o wy\u015bwi\u0119conych 19 nowych kap\u0142an\u00f3w. Polecajmy w modlitwie ich pos\u0142ug\u0119, wypraszaj\u0105c im \u015bwiat\u0142o i moc Ducha \u015aw. Dzi\u015b za wsp\u00f3lne odm\u00f3wienie hymnu O Stworzycielu Duchu przyjd\u017a, mo\u017cna zyska\u0107 &hellip; <\/p>\n<p class=\"link-more\"><a href=\"https:\/\/albert.przemyska.pl\/?p=920\" class=\"more-link\">Czytaj dalej<span class=\"screen-reader-text\"> \u201eUROCZYSTO\u015a\u0106 ZES\u0141ANIA DUCHA \u015aWIETEGO 23.05.2021.\u201d<\/span><\/a><\/p>\n","protected":false},"author":1,"featured_media":921,"comment_status":"closed","ping_status":"closed","sticky":false,"template":"","format":"standard","meta":{"footnotes":""},"categories":[3],"tags":[],"class_list":["post-920","post","type-post","status-publish","format-standard","has-post-thumbnail","hentry","category-ogloszenia"],"_links":{"self":[{"href":"https:\/\/albert.przemyska.pl\/index.php?rest_route=\/wp\/v2\/posts\/920","targetHints":{"allow":["GET"]}}],"collection":[{"href":"https:\/\/albert.przemyska.pl\/index.php?rest_route=\/wp\/v2\/posts"}],"about":[{"href":"https:\/\/albert.przemyska.pl\/index.php?rest_route=\/wp\/v2\/types\/post"}],"author":[{"embeddable":true,"href":"https:\/\/albert.przemyska.pl\/index.php?rest_route=\/wp\/v2\/users\/1"}],"replies":[{"embeddable":true,"href":"https:\/\/albert.przemyska.pl\/index.php?rest_route=%2Fwp%2Fv2%2Fcomments&post=920"}],"version-history":[{"count":1,"href":"https:\/\/albert.przemyska.pl\/index.php?rest_route=\/wp\/v2\/posts\/920\/revisions"}],"predecessor-version":[{"id":922,"href":"https:\/\/albert.przemyska.pl\/index.php?rest_route=\/wp\/v2\/posts\/920\/revisions\/922"}],"wp:featuredmedia":[{"embeddable":true,"href":"https:\/\/albert.przemyska.pl\/index.php?rest_route=\/wp\/v2\/media\/921"}],"wp:attachment":[{"href":"https:\/\/albert.przemyska.pl\/index.php?rest_route=%2Fwp%2Fv2%2Fmedia&parent=920"}],"wp:term":[{"taxonomy":"category","embeddable":true,"href":"https:\/\/albert.przemyska.pl\/index.php?rest_route=%2Fwp%2Fv2%2Fcategories&post=920"},{"taxonomy":"post_tag","embeddable":true,"href":"https:\/\/albert.przemyska.pl\/index.php?rest_route=%2Fwp%2Fv2%2Ftags&post=920"}],"curies":[{"name":"wp","href":"https:\/\/api.w.org\/{rel}","templated":true}]}}