{"id":924,"date":"2021-06-06T11:10:47","date_gmt":"2021-06-06T09:10:47","guid":{"rendered":"https:\/\/albert.przemyska.pl\/?p=924"},"modified":"2021-06-06T11:10:47","modified_gmt":"2021-06-06T09:10:47","slug":"10-niedziela-zwykla-6-06-2021","status":"publish","type":"post","link":"https:\/\/albert.przemyska.pl\/?p=924","title":{"rendered":"10 NIEDZIELA ZWYK\u0141A 6.06.2021."},"content":{"rendered":"\n<p class=\"has-text-align-center has-vivid-green-cyan-color has-text-color has-medium-font-size\"><strong>OG\u0141OSZENIA DUSZPASTERSKIE<\/strong><\/p>\n\n\n\n<ol class=\"wp-block-list\"><li>Dzisiaj po Mszy \u015bw. o godz. 11.30 PROCESJA EUCHARYSTYCZNA. Po Mszy<br>\u015bw. o godz. 15.30 ADORACJA, a o godz. 17.30 codziennie \u015bpiewamy Litani\u0119 do<br>Serca Pana Jezusa na nabo\u017ce\u0144stwie czerwcowym.<\/li><li>Trwa OKTAWA BO\u017bEGO CIA\u0141A. Po Mszy \u015bw. wieczornej procesja z<br>Naj\u015bwi\u0119tszym Sakramentem. Zach\u0119camy do licznego udzia\u0142u szczeg\u00f3lnie dzieci<br>szkolne, pierwszokomunijne, rocznicowe, ministrant\u00f3w i lektor\u00f3w. Prosimy rodzic\u00f3w<br>o przyk\u0142ad wiary i modlitwy w tym szczeg\u00f3lnym czasie.<\/li><li>Na wtorek zapraszamy klasy \u00f3sme na spotkanie formacyjne na godz. 17.30.<br>W czwartek zako\u0144czenie oktawy Bo\u017cego Cia\u0142a. Po Mszy \u015bw. wieczornej po\u015bwi\u0119cenie<br>wiank\u00f3w i b\u0142ogos\u0142awie\u0144stwo dzieci.<\/li><li>W pi\u0105tek uroczysto\u015b\u0107 Naj\u015bwi\u0119tszego Serca Pana Jezusa. W czasie nabo\u017ce\u0144stwa<br>czerwcowego dokonamy wraz z ca\u0142ym Ko\u015bcio\u0142em w naszej ojczy\u017anie uroczystego<br>zawierzenia naszych rodzin, Ko\u015bcio\u0142a i ojczyzny Naj\u015bwi\u0119tszemu Sercu Jezusa.<br>Jest to tak\u017ce \u015awiatowy Dzie\u0144 Modlitw o U\u015bwi\u0119cenie Kap\u0142an\u00f3w. W tym dniu nie<br>obowi\u0105zuje wstrzemi\u0119\u017aliwo\u015b\u0107 od pokarm\u00f3w mi\u0119snych z racji uroczysto\u015bci.<\/li><li>Trwaj\u0105 zapisy na 41 PIESZ\u0104 PIELGRZYMK\u0118 NA JASN\u0104 G\u00d3R\u0118, kt\u00f3ra jak<br>co roku odbywa si\u0119 w dniach 4 \u2013 15 lipca. Podobnie jak w ubieg\u0142ym roku tegoroczne<br>pielgrzymowanie b\u0119dzie sztafetowe. Potrzebne informacje mo\u017cna znale\u017a\u0107 na stronie<br>internetowej pielgrzymki. Przemyska Grupa \u015aw. JACKA pielgrzymuje 4 i 5 lipca.<\/li><li>Dzi\u0119kujemy parafianom z V klatki bloku nr 17 przy ul. Rogozi\u0144skiego za ofiary na<br>sprz\u0105tanie i&nbsp;wystr\u00f3j \u015bwi\u0105tyni. Teraz prosimy o ofiary parafian z klatki VI bloku nr<br>17.<\/li><li>Za tydzie\u0144 13 czerwca br. po Mszach \u015bw. zostanie przeprowadzona we wszystkich<br>parafiach Archidiecezji zbi\u00f3rka do puszek. Z\u0142o\u017cone ofiary maj\u0105 wesprze\u0107 budow\u0119<br>sanktuarium \u015bw. Jana Paw\u0142a II w Kamerunie, gdzie ordynariuszem jest pochodz\u0105cy z<br>naszej diecezji bp Jan Ozga. Gor\u0105co zach\u0119camy do w\u0142\u0105czenia si\u0119 poprzez ofiar\u0119 w<br>dzia\u0142alno\u015b\u0107 misyjn\u0105 w Afryce.<\/li><li>W tym tygodniu wspominamy:<br>\uf0b7 wtorek \u2013 \u015bw. Jadwig\u0119, kr\u00f3low\u0105<br>\uf0b7 \u015broda &#8211; \u015bw. Efrema, diakona i doktora Ko\u015bcio\u0142a<br>\uf0b7 pi\u0105tek \u2013 Naj\u015bwi\u0119tsze Serce Jezusa<br>\uf0b7 sobota \u2013 Niepokalane Serce Maryi<\/li><li>Zach\u0119camy jak zawsze do lektury prasy katolickiej i pog\u0142\u0119biania naszej wiary w<br>rzeczywist\u0105 obecno\u015b\u0107 Chrystusa w Eucharystii. Przyjmijmy dar b\u0142ogos\u0142awie\u0144stwa.<\/li><\/ol>\n","protected":false},"excerpt":{"rendered":"<p>OG\u0141OSZENIA DUSZPASTERSKIE Dzisiaj po Mszy \u015bw. o godz. 11.30 PROCESJA EUCHARYSTYCZNA. Po Mszy\u015bw. o godz. 15.30 ADORACJA, a o godz. 17.30 codziennie \u015bpiewamy Litani\u0119 doSerca Pana Jezusa na nabo\u017ce\u0144stwie czerwcowym. Trwa OKTAWA BO\u017bEGO CIA\u0141A. Po Mszy \u015bw. wieczornej procesja zNaj\u015bwi\u0119tszym Sakramentem. Zach\u0119camy do licznego udzia\u0142u szczeg\u00f3lnie dzieciszkolne, pierwszokomunijne, rocznicowe, ministrant\u00f3w i lektor\u00f3w. Prosimy rodzic\u00f3wo przyk\u0142ad &hellip; <\/p>\n<p class=\"link-more\"><a href=\"https:\/\/albert.przemyska.pl\/?p=924\" class=\"more-link\">Czytaj dalej<span class=\"screen-reader-text\"> \u201e10 NIEDZIELA ZWYK\u0141A 6.06.2021.\u201d<\/span><\/a><\/p>\n","protected":false},"author":1,"featured_media":925,"comment_status":"closed","ping_status":"closed","sticky":false,"template":"","format":"standard","meta":{"footnotes":""},"categories":[3],"tags":[],"class_list":["post-924","post","type-post","status-publish","format-standard","has-post-thumbnail","hentry","category-ogloszenia"],"_links":{"self":[{"href":"https:\/\/albert.przemyska.pl\/index.php?rest_route=\/wp\/v2\/posts\/924","targetHints":{"allow":["GET"]}}],"collection":[{"href":"https:\/\/albert.przemyska.pl\/index.php?rest_route=\/wp\/v2\/posts"}],"about":[{"href":"https:\/\/albert.przemyska.pl\/index.php?rest_route=\/wp\/v2\/types\/post"}],"author":[{"embeddable":true,"href":"https:\/\/albert.przemyska.pl\/index.php?rest_route=\/wp\/v2\/users\/1"}],"replies":[{"embeddable":true,"href":"https:\/\/albert.przemyska.pl\/index.php?rest_route=%2Fwp%2Fv2%2Fcomments&post=924"}],"version-history":[{"count":1,"href":"https:\/\/albert.przemyska.pl\/index.php?rest_route=\/wp\/v2\/posts\/924\/revisions"}],"predecessor-version":[{"id":926,"href":"https:\/\/albert.przemyska.pl\/index.php?rest_route=\/wp\/v2\/posts\/924\/revisions\/926"}],"wp:featuredmedia":[{"embeddable":true,"href":"https:\/\/albert.przemyska.pl\/index.php?rest_route=\/wp\/v2\/media\/925"}],"wp:attachment":[{"href":"https:\/\/albert.przemyska.pl\/index.php?rest_route=%2Fwp%2Fv2%2Fmedia&parent=924"}],"wp:term":[{"taxonomy":"category","embeddable":true,"href":"https:\/\/albert.przemyska.pl\/index.php?rest_route=%2Fwp%2Fv2%2Fcategories&post=924"},{"taxonomy":"post_tag","embeddable":true,"href":"https:\/\/albert.przemyska.pl\/index.php?rest_route=%2Fwp%2Fv2%2Ftags&post=924"}],"curies":[{"name":"wp","href":"https:\/\/api.w.org\/{rel}","templated":true}]}}