{"id":927,"date":"2021-05-30T11:12:00","date_gmt":"2021-05-30T09:12:00","guid":{"rendered":"https:\/\/albert.przemyska.pl\/?p=927"},"modified":"2021-06-06T11:14:23","modified_gmt":"2021-06-06T09:14:23","slug":"uroczystosc-trojcy-swietej-30-05-2021","status":"publish","type":"post","link":"https:\/\/albert.przemyska.pl\/?p=927","title":{"rendered":"UROCZYSTO\u015a\u0106 TR\u00d3JCY \u015aWI\u0118TEJ 30.05.2021."},"content":{"rendered":"\n<p class=\"has-text-align-center has-vivid-green-cyan-color has-text-color has-medium-font-size\"><strong>OG\u0141OSZENIA DUSZPASTERSKIE<\/strong><\/p>\n\n\n\n<ol class=\"wp-block-list\"><li>UROCZYSTO\u015a\u0106 TR\u00d3JCY \u015aWI\u0118TEJ jest uwielbieniem tajemnicy Boga, kt\u00f3ry<br>objawia si\u0119 nam w mi\u0142o\u015bci Ojca, Syna i Ducha \u015awi\u0119tego. Dzisiaj ko\u0144czy si\u0119 okres<br>Komunii \u015bw. wielkanocnej. O godz. 11.30 suma odpustowa w parafii \u015awi\u0119tej Tr\u00f3jcy.<\/li><li>Po Mszy \u015bw. o godz. 15.30 ADORACJA NAJ\u015aWI\u0118TSZEGO SAKRAMENTU,<br>a o godz. 17.30 nabo\u017ce\u0144stwo majowe. O godz. 19.30 zapraszamy serdecznie na<br>modlitw\u0119 s\u0142owem Bo\u017cym i pie\u015bni\u0105 przed Jezusem Eucharystycznym.<\/li><li>W czwartek UROCZYSTO\u015a\u0106 BO\u017bEGO CIA\u0141A. Poniewa\u017c nie b\u0119dzie<br>organizowanej miejskiej procesji Bo\u017cego Cia\u0142a, w naszym ko\u015bciele Msze \u015bw. o godz.<br>8.00, 10.00, 11.30, 15.30 i 18.00. Na Mszy \u015bw. o godz. 10.00 pierwsza Komunia \u015bw.<br>tr\u00f3jki dzieci. Natomiast po Mszy \u015bw. o godz. 11.30 odb\u0119dzie si\u0119 procesja<br>eucharystyczna wok\u00f3\u0142 ko\u015bcio\u0142a. Serdecznie zapraszamy dzieci pierwszokomunijne i<br>&nbsp;rocznicowe, nios\u0105cych baldachim i chor\u0105gwie, dzieci sypi\u0105ce kwiaty i dzwoni\u0105ce.<\/li><li>W tym tygodniu pierwszy czwartek, pi\u0105tek i sobota miesi\u0105ca. Zach\u0119camy do<br>wcze\u015bniejszej spowiedzi. Spowiada\u0107 b\u0119dziemy we wtorek i \u015brod\u0119 od godz. 17.00. W<br>pi\u0105tek spowied\u017a od godz. 16.30. Do chorych udamy si\u0119 o sta\u0142ych porach.<br>W sobot\u0119 po Mszy \u015bw. wieczornej r\u00f3\u017caniec fatimski.<\/li><li>W pi\u0105tek i sobot\u0119 procesja po Mszy \u015bw. wieczornej, a w przysz\u0142\u0105 niedziel\u0119<br>procesja eucharystyczna po Mszy \u015bw. o godz. 11.30.<\/li><li>Od wtorku o godz. 17.30 NABO\u017bENSTWO CZERWCOWE.<\/li><li>Od 7 czerwca w parafii Salezja\u0144skiej KATECHEZY PRZEDMA\u0141\u017bE\u0143SKIE.<br>Spotkania odbywa\u0107 si\u0119 b\u0119d\u0105 w poniedzia\u0142ki, \u015brody i pi\u0105tki o godz. 19.00.<\/li><li>Dzi\u0119kujemy parafianom z IV klatki bloku nr 17 przy ul. Rogozi\u0144skiego za ofiary<br>na sprz\u0105tanie i&nbsp;wystr\u00f3j \u015bwi\u0105tyni. Teraz prosimy o ofiary parafian z klatki V bloku nr<br>17.<\/li><li>W tym tygodniu wspominamy w liturgii:<br>\u2022 poniedzia\u0142ek \u2013 Nawiedzenie NMP<br>\u2022 wtorek \u2013 \u015bw. Justyna, m\u0119czennika<br>\u2022 sobota \u2013 \u015bw. Bonifacego, m\u0119czennika<\/li><li>Zach\u0119camy do lektury prasy katolickiej. Zar\u00f3wno w Niedzieli jak i w Go\u015bciu<br>artyku\u0142y na temat Eucharystii a w Go\u015bciu dodatek z Litani\u0105 do Serca Jezusa i<br>modlitwami.<\/li><\/ol>\n","protected":false},"excerpt":{"rendered":"<p>OG\u0141OSZENIA DUSZPASTERSKIE UROCZYSTO\u015a\u0106 TR\u00d3JCY \u015aWI\u0118TEJ jest uwielbieniem tajemnicy Boga, kt\u00f3ryobjawia si\u0119 nam w mi\u0142o\u015bci Ojca, Syna i Ducha \u015awi\u0119tego. Dzisiaj ko\u0144czy si\u0119 okresKomunii \u015bw. wielkanocnej. O godz. 11.30 suma odpustowa w parafii \u015awi\u0119tej Tr\u00f3jcy. Po Mszy \u015bw. o godz. 15.30 ADORACJA NAJ\u015aWI\u0118TSZEGO SAKRAMENTU,a o godz. 17.30 nabo\u017ce\u0144stwo majowe. O godz. 19.30 zapraszamy serdecznie namodlitw\u0119 s\u0142owem &hellip; <\/p>\n<p class=\"link-more\"><a href=\"https:\/\/albert.przemyska.pl\/?p=927\" class=\"more-link\">Czytaj dalej<span class=\"screen-reader-text\"> \u201eUROCZYSTO\u015a\u0106 TR\u00d3JCY \u015aWI\u0118TEJ 30.05.2021.\u201d<\/span><\/a><\/p>\n","protected":false},"author":1,"featured_media":928,"comment_status":"closed","ping_status":"closed","sticky":false,"template":"","format":"standard","meta":{"footnotes":""},"categories":[3],"tags":[],"class_list":["post-927","post","type-post","status-publish","format-standard","has-post-thumbnail","hentry","category-ogloszenia"],"_links":{"self":[{"href":"https:\/\/albert.przemyska.pl\/index.php?rest_route=\/wp\/v2\/posts\/927","targetHints":{"allow":["GET"]}}],"collection":[{"href":"https:\/\/albert.przemyska.pl\/index.php?rest_route=\/wp\/v2\/posts"}],"about":[{"href":"https:\/\/albert.przemyska.pl\/index.php?rest_route=\/wp\/v2\/types\/post"}],"author":[{"embeddable":true,"href":"https:\/\/albert.przemyska.pl\/index.php?rest_route=\/wp\/v2\/users\/1"}],"replies":[{"embeddable":true,"href":"https:\/\/albert.przemyska.pl\/index.php?rest_route=%2Fwp%2Fv2%2Fcomments&post=927"}],"version-history":[{"count":1,"href":"https:\/\/albert.przemyska.pl\/index.php?rest_route=\/wp\/v2\/posts\/927\/revisions"}],"predecessor-version":[{"id":929,"href":"https:\/\/albert.przemyska.pl\/index.php?rest_route=\/wp\/v2\/posts\/927\/revisions\/929"}],"wp:featuredmedia":[{"embeddable":true,"href":"https:\/\/albert.przemyska.pl\/index.php?rest_route=\/wp\/v2\/media\/928"}],"wp:attachment":[{"href":"https:\/\/albert.przemyska.pl\/index.php?rest_route=%2Fwp%2Fv2%2Fmedia&parent=927"}],"wp:term":[{"taxonomy":"category","embeddable":true,"href":"https:\/\/albert.przemyska.pl\/index.php?rest_route=%2Fwp%2Fv2%2Fcategories&post=927"},{"taxonomy":"post_tag","embeddable":true,"href":"https:\/\/albert.przemyska.pl\/index.php?rest_route=%2Fwp%2Fv2%2Ftags&post=927"}],"curies":[{"name":"wp","href":"https:\/\/api.w.org\/{rel}","templated":true}]}}