{"id":931,"date":"2021-07-04T13:34:17","date_gmt":"2021-07-04T11:34:17","guid":{"rendered":"https:\/\/albert.przemyska.pl\/?p=931"},"modified":"2021-07-04T13:34:17","modified_gmt":"2021-07-04T11:34:17","slug":"14-niedziela-zwykla-4-07-2021","status":"publish","type":"post","link":"https:\/\/albert.przemyska.pl\/?p=931","title":{"rendered":"14 NIEDZIELA ZWYK\u0141A &#8211; 4.07.2021."},"content":{"rendered":"\n<p class=\"has-text-align-center has-vivid-green-cyan-color has-text-color has-medium-font-size\"><strong>OG\u0141OSZENIA DUSZPASTERSKIE<\/strong><\/p>\n\n\n\n<ol class=\"wp-block-list\"><li>Przypominamy, \u017ce w czasie wakacji, czyli w lipcu i sierpniu odwo\u0142ujemy w<br>niedziel\u0119 Msz\u0119 \u015bw. o godz. 15.30 i popo\u0142udniow\u0105 i Adoracj\u0119.<br>O godz. 17.30 dzisiaj nabo\u017ce\u0144stwo r\u00f3\u017ca\u0144cowe i zmiana tajemnic.<\/li><li>Sk\u0142adka dzisiejsza przeznaczona jest na Seminarium Duchowne w Przemy\u015blu. Przy<br>tej okazji zach\u0119camy do modlitwy o nowe powo\u0142ania do s\u0142u\u017cby kap\u0142a\u0144skiej i<br>zakonnej.<\/li><li>W dzisiejsz\u0105 niedziel\u0119 wyrusza 41. PIESZA PIELGRZYMKA NA JASN\u0104<br>G\u00d3R\u0118. Zach\u0119camy do towarzyszenie modlitw\u0105 naszym p\u0105tnikom, tak\u017ce z radiem<br>FARA. Od kilku lat pieszym p\u0105tnikom towarzyszy Sztafeta R\u00f3\u017ca\u0144cowa wszystkich<br>parafii w diecezji. Nasza parafia w\u0142\u0105cza si\u0119 w t\u0119 modlitw\u0119 10 lipca w godz. 22.40 &#8211;<br>23.40.<\/li><li>W przysz\u0142\u0105 niedziel\u0119 w ko\u015bciele OO. Karmelit\u00f3w o godz. 8.30 zostanie odprawiona<br>uroczysta Msza \u015bw. w 78 rocznic\u0119 Zbrodni Wo\u0142y\u0144skiej. Po Mszy \u015bw. wsp\u00f3lne<br>modlitwy przy Grobie Wo\u0142y\u0144skim na Cmentarzu Wojskowym.<br>Przysz\u0142a niedziela jest tak\u017ce dniem uroczysto\u015bci odpustowej w parafii na<br>Kazanowie ku czci \u015bw. Benedykta z Nursji. Uroczysta suma o godz. 11.30.<\/li><li>Siostry Opatrzno\u015bcianki przy ul. Krasi\u0144skiego prowadz\u0105 od kilku lat<br>M\u0142odzie\u017cowy O\u015brodek Socjoterapii. O\u015brodek ten wspiera dziewcz\u0119ta z trudno\u015bciami<br>szkolnymi i wychowawczymi oraz przygotowuje do dalszej nauki i samodzielnego<br>\u017cycia. W ramach O\u015brodka funkcjonuje Szko\u0142a Podstawowa [klasy 7 i 8] oraz Szko\u0142a<br>Bran\u017cowa I stopnia. Wychowankom zapewnia si\u0119 kompleksow\u0105 opiek\u0119 i wsparcie<br>psychologiczno\u2013pedagogiczne. Przyj\u0119cia odbywaj\u0105 si\u0119 przez ca\u0142y rok, w miar\u0119<br>wolnych miejsc. Szczeg\u00f3\u0142y na plakacie informacyjnym.<\/li><li>Dzi\u0119kujemy parafianom z klatki I bloku nr 21 przy ul. Rogozi\u0144skiego za ofiary na<br>sprz\u0105tanie i wystr\u00f3j \u015bwi\u0105tyni. Teraz prosimy o ofiary parafian z klatki II bloku nr 21.<\/li><li>W tym tygodniu wspominamy w liturgii Ko\u015bcio\u0142a:<br>\uf0b7 wtorek \u2013 b\u0142. Mari\u0119 Teres\u0119 Led\u00f3chowsk\u0105<br>\uf0b7 czwartek \u2013 \u015bw. Jana z Dukli, patrona Archidiecezji Przemyskiej<\/li><li>W czasie wakacji KANCELARIA PARAFIALNA b\u0119dzie czynna p\u00f3\u0142 godziny po<br>Mszy \u015bw. wieczornej. Zach\u0119camy do lektury prasy katolickiej. Warto na czas wakacji<br>postara\u0107 si\u0119 o dobr\u0105 i buduj\u0105c\u0105 lektur\u0119, aby pomaga\u0142a nam pog\u0142\u0119bia\u0107 \u017cycie duchowe i<\/li><\/ol>\n\n\n\n<p>modlitw\u0119. W czasie wakacyjnych wyjazd\u00f3w nie zapominajmy o niedzielnej Mszy \u015bw.<br>\u017byczymy wszystkim dobrej niedzieli i b\u0142ogos\u0142awionego tygodnia.<\/p>\n","protected":false},"excerpt":{"rendered":"<p>OG\u0141OSZENIA DUSZPASTERSKIE Przypominamy, \u017ce w czasie wakacji, czyli w lipcu i sierpniu odwo\u0142ujemy wniedziel\u0119 Msz\u0119 \u015bw. o godz. 15.30 i popo\u0142udniow\u0105 i Adoracj\u0119.O godz. 17.30 dzisiaj nabo\u017ce\u0144stwo r\u00f3\u017ca\u0144cowe i zmiana tajemnic. Sk\u0142adka dzisiejsza przeznaczona jest na Seminarium Duchowne w Przemy\u015blu. Przytej okazji zach\u0119camy do modlitwy o nowe powo\u0142ania do s\u0142u\u017cby kap\u0142a\u0144skiej izakonnej. W dzisiejsz\u0105 niedziel\u0119 &hellip; <\/p>\n<p class=\"link-more\"><a href=\"https:\/\/albert.przemyska.pl\/?p=931\" class=\"more-link\">Czytaj dalej<span class=\"screen-reader-text\"> \u201e14 NIEDZIELA ZWYK\u0141A &#8211; 4.07.2021.\u201d<\/span><\/a><\/p>\n","protected":false},"author":1,"featured_media":644,"comment_status":"closed","ping_status":"closed","sticky":false,"template":"","format":"standard","meta":{"footnotes":""},"categories":[3],"tags":[],"class_list":["post-931","post","type-post","status-publish","format-standard","has-post-thumbnail","hentry","category-ogloszenia"],"_links":{"self":[{"href":"https:\/\/albert.przemyska.pl\/index.php?rest_route=\/wp\/v2\/posts\/931","targetHints":{"allow":["GET"]}}],"collection":[{"href":"https:\/\/albert.przemyska.pl\/index.php?rest_route=\/wp\/v2\/posts"}],"about":[{"href":"https:\/\/albert.przemyska.pl\/index.php?rest_route=\/wp\/v2\/types\/post"}],"author":[{"embeddable":true,"href":"https:\/\/albert.przemyska.pl\/index.php?rest_route=\/wp\/v2\/users\/1"}],"replies":[{"embeddable":true,"href":"https:\/\/albert.przemyska.pl\/index.php?rest_route=%2Fwp%2Fv2%2Fcomments&post=931"}],"version-history":[{"count":1,"href":"https:\/\/albert.przemyska.pl\/index.php?rest_route=\/wp\/v2\/posts\/931\/revisions"}],"predecessor-version":[{"id":932,"href":"https:\/\/albert.przemyska.pl\/index.php?rest_route=\/wp\/v2\/posts\/931\/revisions\/932"}],"wp:featuredmedia":[{"embeddable":true,"href":"https:\/\/albert.przemyska.pl\/index.php?rest_route=\/wp\/v2\/media\/644"}],"wp:attachment":[{"href":"https:\/\/albert.przemyska.pl\/index.php?rest_route=%2Fwp%2Fv2%2Fmedia&parent=931"}],"wp:term":[{"taxonomy":"category","embeddable":true,"href":"https:\/\/albert.przemyska.pl\/index.php?rest_route=%2Fwp%2Fv2%2Fcategories&post=931"},{"taxonomy":"post_tag","embeddable":true,"href":"https:\/\/albert.przemyska.pl\/index.php?rest_route=%2Fwp%2Fv2%2Ftags&post=931"}],"curies":[{"name":"wp","href":"https:\/\/api.w.org\/{rel}","templated":true}]}}