{"id":934,"date":"2021-07-18T13:49:34","date_gmt":"2021-07-18T11:49:34","guid":{"rendered":"https:\/\/albert.przemyska.pl\/?p=934"},"modified":"2021-07-18T13:49:34","modified_gmt":"2021-07-18T11:49:34","slug":"16-niedziela-zwykla-18-07-2021","status":"publish","type":"post","link":"https:\/\/albert.przemyska.pl\/?p=934","title":{"rendered":"16 NIEDZIELA ZWYK\u0141A 18.07.2021."},"content":{"rendered":"\n<p class=\"has-text-align-center has-vivid-green-cyan-color has-text-color has-medium-font-size\"><em><strong>OG\u0141OSZENIA DUSZPASTERSKIE<\/strong><\/em><\/p>\n\n\n\n<ol class=\"wp-block-list\"><li>Dzisiaj nie b\u0119dzie nabo\u017ce\u0144stwa przed wieczorn\u0105 Msz\u0105 \u015bw. Natomiast o godz.<br>19.30 zapraszamy bardzo serdecznie na modlitw\u0119 s\u0142owem Bo\u017cym i pie\u015bni\u0105<br>przed Jezusem Eucharystycznym.<\/li><li>W przysz\u0142\u0105 niedziel\u0119 po Mszach \u015bw. b\u0142ogos\u0142awie\u0144stwo kierowc\u00f3w i<br>&nbsp;po\u015bwi\u0119cenie pojazd\u00f3w. Przypominamy, \u017ce ju\u017c od kilkunastu lat przy tej okazji<br>przeprowadzana jest zbi\u00f3rka ofiar do puszek na zakup \u015brodk\u00f3w transportu dla<br>misjonarzy. Poprzez sk\u0142adane ofiary pom\u00f3\u017cmy misjonarzom g\u0142osi\u0107 Ewangeli\u0119.<\/li><li>Duszpasterstwo M\u0142odzie\u017cy serdecznie zaprasza na tegoroczne SPOTKANIE<br>M\u0141ODYCH ARCHIDIECEZJI PRZEMYSKIEJ w sobot\u0119 18 wrze\u015bnia w<br>Kro\u015bnie. Zapisy w parafiach do 15 sierpnia. Gor\u0105co zach\u0119camy m\u0142odych do<br>odkrycia wsp\u00f3lnoty wiary i rado\u015bci we wsp\u00f3lnocie Ko\u015bcio\u0142a.<\/li><li>W najbli\u017cszy czwartek w Ostrowie uroczysto\u015b\u0107 odpustowa ku czci \u015bw. Marii<br>Magdaleny. Suma odpustowa o godz. 10.30.<\/li><li>Dzi\u0119kujemy parafianom z klatki I bloku nr 23 przy ul. Rogozi\u0144skiego za<br>ofiary na sprz\u0105tanie i wystr\u00f3j \u015bwi\u0105tyni. Teraz prosimy o ofiary parafian z klatki<br>II bloku nr 23.<\/li><li>W czasie wakacji KANCELARIA PARAFIALNA czynna p\u00f3\u0142 godziny po<br>Mszy \u015bw. wieczornej.<\/li><li>W tym tygodniu wspominamy w liturgii:<br>\uf0b7 wtorek &#8211; b\u0142. Czes\u0142awa<br>\uf0b7 \u015broda \u2013 \u015bw. Apolinarego<br>\uf0b7 czwartek \u2013 \u015bw. Mari\u0119 Magdalen\u0119<br>\uf0b7 pi\u0105tek \u2013 \u015bw. Brygid\u0119 Szwedzk\u0105, patronk\u0119 Europy<br>\uf0b7 sobota \u2013 \u015bw. King\u0119<\/li><li>Zach\u0119camy w czasie wakacji do cz\u0119stszej lektury prasy katolickiej. W czasie<br>wakacyjnych wyjazd\u00f3w nie zapominajmy o niedzielnej Mszy \u015bw.<br>\u017byczymy wszystkim dobrej niedzieli i b\u0142ogos\u0142awionego tygodnia.<\/li><\/ol>\n","protected":false},"excerpt":{"rendered":"<p>OG\u0141OSZENIA DUSZPASTERSKIE Dzisiaj nie b\u0119dzie nabo\u017ce\u0144stwa przed wieczorn\u0105 Msz\u0105 \u015bw. Natomiast o godz.19.30 zapraszamy bardzo serdecznie na modlitw\u0119 s\u0142owem Bo\u017cym i pie\u015bni\u0105przed Jezusem Eucharystycznym. W przysz\u0142\u0105 niedziel\u0119 po Mszach \u015bw. b\u0142ogos\u0142awie\u0144stwo kierowc\u00f3w i&nbsp;po\u015bwi\u0119cenie pojazd\u00f3w. Przypominamy, \u017ce ju\u017c od kilkunastu lat przy tej okazjiprzeprowadzana jest zbi\u00f3rka ofiar do puszek na zakup \u015brodk\u00f3w transportu dlamisjonarzy. Poprzez sk\u0142adane &hellip; <\/p>\n<p class=\"link-more\"><a href=\"https:\/\/albert.przemyska.pl\/?p=934\" class=\"more-link\">Czytaj dalej<span class=\"screen-reader-text\"> \u201e16 NIEDZIELA ZWYK\u0141A 18.07.2021.\u201d<\/span><\/a><\/p>\n","protected":false},"author":1,"featured_media":935,"comment_status":"closed","ping_status":"closed","sticky":false,"template":"","format":"standard","meta":{"footnotes":""},"categories":[3],"tags":[],"class_list":["post-934","post","type-post","status-publish","format-standard","has-post-thumbnail","hentry","category-ogloszenia"],"_links":{"self":[{"href":"https:\/\/albert.przemyska.pl\/index.php?rest_route=\/wp\/v2\/posts\/934","targetHints":{"allow":["GET"]}}],"collection":[{"href":"https:\/\/albert.przemyska.pl\/index.php?rest_route=\/wp\/v2\/posts"}],"about":[{"href":"https:\/\/albert.przemyska.pl\/index.php?rest_route=\/wp\/v2\/types\/post"}],"author":[{"embeddable":true,"href":"https:\/\/albert.przemyska.pl\/index.php?rest_route=\/wp\/v2\/users\/1"}],"replies":[{"embeddable":true,"href":"https:\/\/albert.przemyska.pl\/index.php?rest_route=%2Fwp%2Fv2%2Fcomments&post=934"}],"version-history":[{"count":1,"href":"https:\/\/albert.przemyska.pl\/index.php?rest_route=\/wp\/v2\/posts\/934\/revisions"}],"predecessor-version":[{"id":936,"href":"https:\/\/albert.przemyska.pl\/index.php?rest_route=\/wp\/v2\/posts\/934\/revisions\/936"}],"wp:featuredmedia":[{"embeddable":true,"href":"https:\/\/albert.przemyska.pl\/index.php?rest_route=\/wp\/v2\/media\/935"}],"wp:attachment":[{"href":"https:\/\/albert.przemyska.pl\/index.php?rest_route=%2Fwp%2Fv2%2Fmedia&parent=934"}],"wp:term":[{"taxonomy":"category","embeddable":true,"href":"https:\/\/albert.przemyska.pl\/index.php?rest_route=%2Fwp%2Fv2%2Fcategories&post=934"},{"taxonomy":"post_tag","embeddable":true,"href":"https:\/\/albert.przemyska.pl\/index.php?rest_route=%2Fwp%2Fv2%2Ftags&post=934"}],"curies":[{"name":"wp","href":"https:\/\/api.w.org\/{rel}","templated":true}]}}