{"id":939,"date":"2021-09-05T14:20:50","date_gmt":"2021-09-05T12:20:50","guid":{"rendered":"https:\/\/albert.przemyska.pl\/?p=939"},"modified":"2021-09-05T14:20:50","modified_gmt":"2021-09-05T12:20:50","slug":"23-niedziela-zwykla-5-09-2021","status":"publish","type":"post","link":"https:\/\/albert.przemyska.pl\/?p=939","title":{"rendered":"23 NIEDZIELA ZWYK\u0141A 5.09.2021"},"content":{"rendered":"\n<p class=\"has-text-align-center has-vivid-green-cyan-color has-text-color has-medium-font-size\"><strong>OG\u0141OSZENIA DUSZPASTERSKIE<\/strong><\/p>\n\n\n\n<ol class=\"wp-block-list\"><li>Powracamy po wakacjach do niedzielnej Mszy \u015bw. o godz. 15.30 i Adoracji Naj\u015bwi\u0119tszego Sakramentu oraz odmawiania po niej Koronki do Bo\u017cego Mi\u0142osierdzia. O godz. 17.30 r\u00f3\u017caniec w intencji dzieci i m\u0142odzie\u017cy oraz zmiana tajemnic.<\/li><li>Dzisiejsza niedziela jest w Ko\u015bciele w Polsce obchodzona jako Dzie\u0144 Solidarno\u015bci z Afga\u0144czykami. Po Mszach \u015bw. zbierane b\u0119d\u0105 ofiary do puszek, a zebrane fundusze zostan\u0105 przeznaczone na d\u0142ugofalowe wsparcie dzia\u0142a\u0144 Caritas na rzecz migrant\u00f3w i uchod\u017ac\u00f3w, zar\u00f3wno w Polsce jak i za granic\u0105.<br>Sk\u0142adka mszalna przeznaczona jest dzisiaj na Seminarium Duchowne w Przemy\u015blu.<\/li><li>W poniedzia\u0142ek zbi\u00f3rka dla lektor\u00f3w po Mszy \u015bw. wieczornej.<br>We wtorek po Mszy \u015bw. wieczornej spotkanie Kr\u0119gu Biblijnego. Serdecznie<br>zapraszamy wszystkich ch\u0119tnych, kt\u00f3rzy pragn\u0105 wsp\u00f3lnie rozwa\u017ca\u0107 s\u0142owo Bo\u017ce.<\/li><li>W pi\u0105tek na godz. 18.00 zapraszamy na Msz\u0119 \u015bw. i spotkanie formacyjne przed<br>bierzmowaniem uczni\u00f3w klas VIII.<\/li><li>Przypominamy, \u017ce w ka\u017cdy pi\u0105tek o godz. 16.30 spotkanie Parafialnej Grupy<br>Oazowej. Na spotkania zapraszamy ch\u0119tne dzieci od klasy III Szko\u0142y Podstawowej.<\/li><li>W przysz\u0142\u0105 niedziel\u0119 &#8211; 12 wrze\u015bnia po Mszy \u015bw. o godz. 11.30 odb\u0119dzie si\u0119<br>spotkanie dla rodzic\u00f3w, kt\u00f3rych dzieci w tym roku rozpoczn\u0105 w naszej parafii<br>przygotowanie do Pierwszej Komunii \u015bw. i Sakramentu Pokuty.<\/li><li>Dzi\u0119kujemy parafianom z dom\u00f3w przy ul. St. Augusta, Wybickiego i Ordona za<br>ofiary na sprz\u0105tanie i wystr\u00f3j \u015bwi\u0105tyni. Teraz prosimy o ofiary parafian z dom\u00f3w przy<br>ul. Chod\u017aki, 29 Listopada i Borelowskiego.<\/li><li>W tym tygodniu w \u015brod\u0119 w liturgii Ko\u015bcio\u0142a obchodzimy \u015bwi\u0119to Narodzenia<br>Maryi zwane \u015bwi\u0119tem Matki Boskiej Siewnej. Poleca\u0107 b\u0119dziemy prac\u0119 rolnik\u00f3w.<\/li><li>Zach\u0119camy do lektury prasy katolickiej. S\u0105 do nabycia dodatkowe numery<br>Go\u015bcia Niedzielnego po\u015bwi\u0119cone kard. St. Wyszy\u0144skiemu i matce R\u00f3\u017cy Czackiej<br>w cenie 10 z\u0142. S\u0105 r\u00f3wnie\u017c nowe numery Misyjnych Dr\u00f3g. Gor\u0105co zach\u0119camy do<br>lektury.<br>Przypominamy, \u017ce KANCELARIA PARAFIANA w ci\u0105gu tygodnia czynna w godz.<br>16.30-17.30. Przyjmijmy dar Bo\u017cego b\u0142ogos\u0142awie\u0144stwa.<\/li><\/ol>\n","protected":false},"excerpt":{"rendered":"<p>OG\u0141OSZENIA DUSZPASTERSKIE Powracamy po wakacjach do niedzielnej Mszy \u015bw. o godz. 15.30 i Adoracji Naj\u015bwi\u0119tszego Sakramentu oraz odmawiania po niej Koronki do Bo\u017cego Mi\u0142osierdzia. O godz. 17.30 r\u00f3\u017caniec w intencji dzieci i m\u0142odzie\u017cy oraz zmiana tajemnic. Dzisiejsza niedziela jest w Ko\u015bciele w Polsce obchodzona jako Dzie\u0144 Solidarno\u015bci z Afga\u0144czykami. Po Mszach \u015bw. zbierane b\u0119d\u0105 ofiary &hellip; <\/p>\n<p class=\"link-more\"><a href=\"https:\/\/albert.przemyska.pl\/?p=939\" class=\"more-link\">Czytaj dalej<span class=\"screen-reader-text\"> \u201e23 NIEDZIELA ZWYK\u0141A 5.09.2021\u201d<\/span><\/a><\/p>\n","protected":false},"author":1,"featured_media":940,"comment_status":"closed","ping_status":"closed","sticky":false,"template":"","format":"standard","meta":{"footnotes":""},"categories":[3],"tags":[],"class_list":["post-939","post","type-post","status-publish","format-standard","has-post-thumbnail","hentry","category-ogloszenia"],"_links":{"self":[{"href":"https:\/\/albert.przemyska.pl\/index.php?rest_route=\/wp\/v2\/posts\/939","targetHints":{"allow":["GET"]}}],"collection":[{"href":"https:\/\/albert.przemyska.pl\/index.php?rest_route=\/wp\/v2\/posts"}],"about":[{"href":"https:\/\/albert.przemyska.pl\/index.php?rest_route=\/wp\/v2\/types\/post"}],"author":[{"embeddable":true,"href":"https:\/\/albert.przemyska.pl\/index.php?rest_route=\/wp\/v2\/users\/1"}],"replies":[{"embeddable":true,"href":"https:\/\/albert.przemyska.pl\/index.php?rest_route=%2Fwp%2Fv2%2Fcomments&post=939"}],"version-history":[{"count":1,"href":"https:\/\/albert.przemyska.pl\/index.php?rest_route=\/wp\/v2\/posts\/939\/revisions"}],"predecessor-version":[{"id":941,"href":"https:\/\/albert.przemyska.pl\/index.php?rest_route=\/wp\/v2\/posts\/939\/revisions\/941"}],"wp:featuredmedia":[{"embeddable":true,"href":"https:\/\/albert.przemyska.pl\/index.php?rest_route=\/wp\/v2\/media\/940"}],"wp:attachment":[{"href":"https:\/\/albert.przemyska.pl\/index.php?rest_route=%2Fwp%2Fv2%2Fmedia&parent=939"}],"wp:term":[{"taxonomy":"category","embeddable":true,"href":"https:\/\/albert.przemyska.pl\/index.php?rest_route=%2Fwp%2Fv2%2Fcategories&post=939"},{"taxonomy":"post_tag","embeddable":true,"href":"https:\/\/albert.przemyska.pl\/index.php?rest_route=%2Fwp%2Fv2%2Ftags&post=939"}],"curies":[{"name":"wp","href":"https:\/\/api.w.org\/{rel}","templated":true}]}}