{"id":943,"date":"2021-09-19T17:37:59","date_gmt":"2021-09-19T15:37:59","guid":{"rendered":"https:\/\/albert.przemyska.pl\/?p=943"},"modified":"2021-09-19T17:37:59","modified_gmt":"2021-09-19T15:37:59","slug":"25-niedziela-zwykla-19-09-2021","status":"publish","type":"post","link":"https:\/\/albert.przemyska.pl\/?p=943","title":{"rendered":"25 NIEDZIELA ZWYK\u0141A 19.09.2021."},"content":{"rendered":"\n<p class=\"has-text-align-center has-vivid-green-cyan-color has-text-color has-medium-font-size\"><strong>OG\u0141OSZENIA DUSZPASTERSKIE<\/strong><\/p>\n\n\n\n<ol class=\"wp-block-list\"><li>Dzisiejsza niedziela jest DNIEM \u015aRODK\u00d3W SPO\u0141ECZNEGO PRZEKAZU.<br>Modlimy si\u0119 za media spo\u0142eczno\u015bciowe i wszystkich w nich pracuj\u0105cych. Dzisiejsza<br>sk\u0142adka jest przeznaczona na diecezjalne Radio FARA. Zach\u0119camy przy tej okazji do<br>korzystania z transmisji radiowych i telewizji internetowej Radia FARA. Po Mszy \u015bw.<br>o godz. 15.30 popo\u0142udniowa Adoracja, a o godz. 17.30 nabo\u017ce\u0144stwo r\u00f3\u017ca\u0144cowe.<\/li><li>W poniedzia\u0142ek zbi\u00f3rka dla lektor\u00f3w po Mszy \u015bw. wieczornej. Natomiast w \u015brod\u0119 na<br>godz. 17.00 na spotkanie zapraszamy ministrant\u00f3w i kandydat\u00f3w do pos\u0142ugi przy o\u0142tarzu.<\/li><li>W czwartek na godz. 18.00 zapraszamy na Msz\u0119 \u015bw. i na pierwsze spotkanie<br>formacyjne przed bierzmowaniem uczni\u00f3w klas VI, a w pi\u0105tek uczni\u00f3w klas VII.<\/li><li>W pi\u0105tek 24 wrze\u015bnia &#8211; wypada w naszej parafii CA\u0141ODZIENNA ADORACJA<br>NAJ\u015aWI\u0118TSZEGO SAKRAMENTU w intencji powo\u0142a\u0144 do s\u0142u\u017cby Bo\u017cej w naszej<br>diecezji. Wystawienie rozpocznie si\u0119 po rannej Mszy \u015bw. o godz. 6.30, a zako\u0144czy si\u0119<br>Apelem Jasnog\u00f3rskim. Schematyczny plan Adoracji zosta\u0142 wywieszony w gablocie. O<br>wyznaczonych godzinach prosimy, aby R\u00f3\u017ce r\u00f3\u017ca\u0144cowe poprowadzi\u0142y r\u00f3\u017caniec i<br>koronk\u0119 do Bo\u017cego mi\u0142osierdzia. Jest to dzie\u0144 pracy, ale zapraszamy parafian do tego,<br>by po\u015bwi\u0119ci\u0107 w tym dniu czas na adoracj\u0119 Chrystusa wypraszaj\u0105c dar powo\u0142a\u0144 i<br>b\u0142ogos\u0142awie\u0144stwo dla naszych rodzin. Po wieczornej Mszy \u015bw. adoracj\u0119 poprowadzi<br>m\u0142odzie\u017c przygotowuj\u0105ca si\u0119 do bierzmowania.<\/li><li>W najbli\u017csz\u0105 sobot\u0119 25 wrze\u015bnia Abp Adam Szal zaprasza do Jod\u0142\u00f3wki na<br>PIELGRZYMK\u0118 R\u00d3\u017b R\u00d3\u017bA\u0143COWYCH oraz diecezjalne dzi\u0119kczynienie za<br>beatyfikacj\u0119 kard. Stefana Wyszy\u0144skiego i matki R\u00f3\u017cy Czackiej. Pocz\u0105tek spotkania o<br>godz. 9.30. Po zawi\u0105zaniu wsp\u00f3lnoty katecheza i Nabo\u017ce\u0144stwo do Siedmiu Bole\u015bci<br>Maryi a po nim uroczysta Msza \u015bw. Dzi\u0119kczynna. Serdecznie zapraszamy do udzia\u0142u i<br>prosimy o zapisy na pielgrzymk\u0119 w zakrystii.<\/li><li>Dzi\u0119kujemy parafianom z dom\u00f3w przy ul. Orzeszkowej, Lenartowicza i<br>Rodziewicz\u00f3wny za ofiary na sprz\u0105tanie i wystr\u00f3j \u015bwi\u0105tyni. W tym tygodniu prosimy<br>o ofiary parafian z dom\u00f3w przy ul. Ko\u017amiana i Kad\u0142ubka.<\/li><li>W tym tygodniu wspominamy w liturgii:<br>\uf0b7 poniedzia\u0142ek \u2013 \u015bw. Andrzeja i Towarzyszy, m\u0119czennik\u00f3w<br>\uf0b7 wtorek \u2013 \u015bw. Mateusza, aposto\u0142a<br>\uf0b7 czwartek \u2013 \u015bw. o. Pio z Pietrelciny<\/li><li>Zach\u0119camy serdecznie do lektury prasy katolickiej oraz pog\u0142\u0119biania wiary. Niech<br>Bo\u017ce b\u0142ogos\u0142awie\u0144stwo wyjedna nam wszystkim dar pokoju i Bo\u017c\u0105 opiek\u0119.<\/li><\/ol>\n","protected":false},"excerpt":{"rendered":"<p>OG\u0141OSZENIA DUSZPASTERSKIE Dzisiejsza niedziela jest DNIEM \u015aRODK\u00d3W SPO\u0141ECZNEGO PRZEKAZU.Modlimy si\u0119 za media spo\u0142eczno\u015bciowe i wszystkich w nich pracuj\u0105cych. Dzisiejszask\u0142adka jest przeznaczona na diecezjalne Radio FARA. Zach\u0119camy przy tej okazji dokorzystania z transmisji radiowych i telewizji internetowej Radia FARA. Po Mszy \u015bw.o godz. 15.30 popo\u0142udniowa Adoracja, a o godz. 17.30 nabo\u017ce\u0144stwo r\u00f3\u017ca\u0144cowe. W poniedzia\u0142ek zbi\u00f3rka dla &hellip; <\/p>\n<p class=\"link-more\"><a href=\"https:\/\/albert.przemyska.pl\/?p=943\" class=\"more-link\">Czytaj dalej<span class=\"screen-reader-text\"> \u201e25 NIEDZIELA ZWYK\u0141A 19.09.2021.\u201d<\/span><\/a><\/p>\n","protected":false},"author":1,"featured_media":944,"comment_status":"closed","ping_status":"closed","sticky":false,"template":"","format":"standard","meta":{"footnotes":""},"categories":[3],"tags":[],"class_list":["post-943","post","type-post","status-publish","format-standard","has-post-thumbnail","hentry","category-ogloszenia"],"_links":{"self":[{"href":"https:\/\/albert.przemyska.pl\/index.php?rest_route=\/wp\/v2\/posts\/943","targetHints":{"allow":["GET"]}}],"collection":[{"href":"https:\/\/albert.przemyska.pl\/index.php?rest_route=\/wp\/v2\/posts"}],"about":[{"href":"https:\/\/albert.przemyska.pl\/index.php?rest_route=\/wp\/v2\/types\/post"}],"author":[{"embeddable":true,"href":"https:\/\/albert.przemyska.pl\/index.php?rest_route=\/wp\/v2\/users\/1"}],"replies":[{"embeddable":true,"href":"https:\/\/albert.przemyska.pl\/index.php?rest_route=%2Fwp%2Fv2%2Fcomments&post=943"}],"version-history":[{"count":1,"href":"https:\/\/albert.przemyska.pl\/index.php?rest_route=\/wp\/v2\/posts\/943\/revisions"}],"predecessor-version":[{"id":945,"href":"https:\/\/albert.przemyska.pl\/index.php?rest_route=\/wp\/v2\/posts\/943\/revisions\/945"}],"wp:featuredmedia":[{"embeddable":true,"href":"https:\/\/albert.przemyska.pl\/index.php?rest_route=\/wp\/v2\/media\/944"}],"wp:attachment":[{"href":"https:\/\/albert.przemyska.pl\/index.php?rest_route=%2Fwp%2Fv2%2Fmedia&parent=943"}],"wp:term":[{"taxonomy":"category","embeddable":true,"href":"https:\/\/albert.przemyska.pl\/index.php?rest_route=%2Fwp%2Fv2%2Fcategories&post=943"},{"taxonomy":"post_tag","embeddable":true,"href":"https:\/\/albert.przemyska.pl\/index.php?rest_route=%2Fwp%2Fv2%2Ftags&post=943"}],"curies":[{"name":"wp","href":"https:\/\/api.w.org\/{rel}","templated":true}]}}