{"id":947,"date":"2021-10-24T14:19:57","date_gmt":"2021-10-24T12:19:57","guid":{"rendered":"https:\/\/albert.przemyska.pl\/?p=947"},"modified":"2021-10-24T14:19:57","modified_gmt":"2021-10-24T12:19:57","slug":"30-niedziela-zwykla-24-10-2021","status":"publish","type":"post","link":"https:\/\/albert.przemyska.pl\/?p=947","title":{"rendered":"30 NIEDZIELA ZWYK\u0141A 24.10.2021."},"content":{"rendered":"\n<p class=\"has-text-align-center has-vivid-green-cyan-color has-text-color has-medium-font-size\"><strong>OG\u0141OSZENIA DUSZPASTERSKIE<\/strong><\/p>\n\n\n\n<ol class=\"wp-block-list\"><li>Dzisiejsza Niedziela Misyjna rozpoczyna w ca\u0142ym Ko\u015bciele TYDZIE\u0143<br>MISYJNY, kt\u00f3remu towarzyszy has\u0142o: \u201eSpotkali\u015bmy Jezusa, wi\u0119c g\u0142osimy\u201d.<br>Jest on zach\u0119t\u0105 do bardziej \u015bwiadomej modlitwy za ca\u0142e dzie\u0142o misyjne i<br>misjonarzy, szczeg\u00f3lnie pochodz\u0105cych z teren\u00f3w naszej archidiecezji. Chcemy<br>wspiera\u0107 ich nasz\u0105 modlitw\u0105 i sk\u0142adanymi dzi\u015b na tac\u0119 ofiarami.<\/li><li>Po Mszy \u015bw. o godz. 15.30 Adoracja Naj\u015bwi\u0119tszego Sakramentu. O godz.<br>17.30 nabo\u017ce\u0144stwo r\u00f3\u017ca\u0144cowe.<br>R\u00d3\u017bANIEC codziennie o godz. 17.30, po nim wieczorna Msza \u015bw.<\/li><li>W przysz\u0142\u0105 niedziel\u0119 po Mszach \u015bw. TOWARZYSTWO \u015aW. BRATA<br>ALBERTA b\u0119dzie zbiera\u0142o ofiary na rzecz biednych, bezdomnych i<br>&nbsp;potrzebuj\u0105cych wsparcia.<\/li><li>Wy\u0142o\u017cone s\u0105 ju\u017c kartki na wypominki za zmar\u0142ych. Przypominamy o<br>sk\u0142adaniu w zakrystii wypomink\u00f3w, zaznaczaj\u0105c konkretn\u0105 dat\u0119 modlitwy za<br>zmar\u0142ych. Nie zapominajmy o tych, kt\u00f3rzy odeszli, a modlitw\u0105 wypraszajmy im<br>\u0142ask\u0119 pokoju i rado\u015bci wiecznej.<\/li><li>Za tydzie\u0144 w nocy z soboty na niedziel\u0119 zmiana czasu na zimowy.<\/li><li>Dzi\u0119kujemy parafianom z klatki I bloku nr 2 przy ul. R\u00f3wnej za ofiary na<br>sprz\u0105tanie i wystr\u00f3j \u015bwi\u0105tyni. W tym tygodniu prosimy o ofiary parafian z<br>klatki II bloku nr 2 przy ul. R\u00f3wnej.<\/li><li>W czwartek liturgii Ko\u015bcio\u0142a obchodzimy \u015bwi\u0105teczne wspomnienie \u015bw.<br>aposto\u0142\u00f3w Szymona i Judy Tadeusza.<\/li><li>Zach\u0119camy do lektury NIEDZIELI i GO\u015aCIA NIEDZIELNEGO. S\u0105 ju\u017c<br>tak\u017ce nowe numery Ma\u0142ego Go\u015bcia. Na trwanie wraz z Maryj\u0105 na modlitwie<br>r\u00f3\u017ca\u0144cowej oraz na rozpocz\u0119ty tydzie\u0144, przyjmijmy Bo\u017ce b\u0142ogos\u0142awie\u0144stwo.<\/li><\/ol>\n","protected":false},"excerpt":{"rendered":"<p>OG\u0141OSZENIA DUSZPASTERSKIE Dzisiejsza Niedziela Misyjna rozpoczyna w ca\u0142ym Ko\u015bciele TYDZIE\u0143MISYJNY, kt\u00f3remu towarzyszy has\u0142o: \u201eSpotkali\u015bmy Jezusa, wi\u0119c g\u0142osimy\u201d.Jest on zach\u0119t\u0105 do bardziej \u015bwiadomej modlitwy za ca\u0142e dzie\u0142o misyjne imisjonarzy, szczeg\u00f3lnie pochodz\u0105cych z teren\u00f3w naszej archidiecezji. Chcemywspiera\u0107 ich nasz\u0105 modlitw\u0105 i sk\u0142adanymi dzi\u015b na tac\u0119 ofiarami. Po Mszy \u015bw. o godz. 15.30 Adoracja Naj\u015bwi\u0119tszego Sakramentu. O godz.17.30 &hellip; <\/p>\n<p class=\"link-more\"><a href=\"https:\/\/albert.przemyska.pl\/?p=947\" class=\"more-link\">Czytaj dalej<span class=\"screen-reader-text\"> \u201e30 NIEDZIELA ZWYK\u0141A 24.10.2021.\u201d<\/span><\/a><\/p>\n","protected":false},"author":1,"featured_media":0,"comment_status":"closed","ping_status":"closed","sticky":false,"template":"","format":"standard","meta":{"footnotes":""},"categories":[3],"tags":[],"class_list":["post-947","post","type-post","status-publish","format-standard","hentry","category-ogloszenia"],"_links":{"self":[{"href":"https:\/\/albert.przemyska.pl\/index.php?rest_route=\/wp\/v2\/posts\/947","targetHints":{"allow":["GET"]}}],"collection":[{"href":"https:\/\/albert.przemyska.pl\/index.php?rest_route=\/wp\/v2\/posts"}],"about":[{"href":"https:\/\/albert.przemyska.pl\/index.php?rest_route=\/wp\/v2\/types\/post"}],"author":[{"embeddable":true,"href":"https:\/\/albert.przemyska.pl\/index.php?rest_route=\/wp\/v2\/users\/1"}],"replies":[{"embeddable":true,"href":"https:\/\/albert.przemyska.pl\/index.php?rest_route=%2Fwp%2Fv2%2Fcomments&post=947"}],"version-history":[{"count":1,"href":"https:\/\/albert.przemyska.pl\/index.php?rest_route=\/wp\/v2\/posts\/947\/revisions"}],"predecessor-version":[{"id":949,"href":"https:\/\/albert.przemyska.pl\/index.php?rest_route=\/wp\/v2\/posts\/947\/revisions\/949"}],"wp:attachment":[{"href":"https:\/\/albert.przemyska.pl\/index.php?rest_route=%2Fwp%2Fv2%2Fmedia&parent=947"}],"wp:term":[{"taxonomy":"category","embeddable":true,"href":"https:\/\/albert.przemyska.pl\/index.php?rest_route=%2Fwp%2Fv2%2Fcategories&post=947"},{"taxonomy":"post_tag","embeddable":true,"href":"https:\/\/albert.przemyska.pl\/index.php?rest_route=%2Fwp%2Fv2%2Ftags&post=947"}],"curies":[{"name":"wp","href":"https:\/\/api.w.org\/{rel}","templated":true}]}}