{"id":951,"date":"2021-11-01T07:35:07","date_gmt":"2021-11-01T06:35:07","guid":{"rendered":"https:\/\/albert.przemyska.pl\/?p=951"},"modified":"2021-11-01T07:35:07","modified_gmt":"2021-11-01T06:35:07","slug":"31-niedziela-zwykla-31-10-2021","status":"publish","type":"post","link":"https:\/\/albert.przemyska.pl\/?p=951","title":{"rendered":"31 NIEDZIELA ZWYK\u0141A   31.10.2021"},"content":{"rendered":"\n<p><strong><span class=\"has-inline-color has-vivid-purple-color\">OG\u0141OSZENIA DUSZPASTERSKIE<\/span><\/strong><\/p>\n\n\n\n<p><strong>1.<\/strong> O godz. <strong>17.30<\/strong> ostatnie ju\u017c <strong>nabo\u017ce\u0144stwo r\u00f3\u017ca\u0144cowe<\/strong>. Po Mszy \u015bw. o godz. 15.30 nie b\u0119dzie dzisiaj adoracji, natomiast na godz. 19.00 zapraszamy na uwielbienie Chrystusa w Naj\u015bwi\u0119tszym Sakramencie przez \u015bpiew i rozwa\u017canie s\u0142owa Bo\u017cego.&nbsp;<\/p>\n\n\n\n<p>W przysz\u0142\u0105 niedziel\u0119 po wieczornym nabo\u017ce\u0144stwie <strong>zmiana tajemnic r\u00f3\u017ca\u0144cowych<\/strong>.<\/p>\n\n\n\n<p><strong>2<\/strong>. Jutro<strong> UROCZYSTO\u015a\u0106 WSZYSTKICH \u015aWI\u0118TYCH<\/strong>. Porz\u0105dek Mszy \u015bw. jak w ka\u017cd\u0105 niedziel\u0119. Nie b\u0119dzie Mszy \u015bw. o godz. 15.30, poniewa\u017c po po\u0142udniu o <strong>godz. 14.00<\/strong> organizowana<strong> <\/strong>jest <strong>Msza \u015bw. na CMENTARZU ZASA\u0143SKIM<\/strong> po\u0142\u0105czona <strong>z procesj\u0105 za zmar\u0142ych<\/strong>. Zach\u0119camy do nawiedzania cmentarzy i do wsp\u00f3lnej modlitwy za zmar\u0142ych.&nbsp;<\/p>\n\n\n\n<p>Przypominamy, \u017ce w tym dniu mamy <strong>obowi\u0105zek uczestnictwa we Mszy \u015bw<\/strong>.<\/p>\n\n\n\n<p><strong>3.<\/strong> We <strong>wtorek Wspomnienie Wszystkich Wiernych Zmar\u0142ych &#8211; DZIE\u0143 ZADUSZNY<\/strong>. Rano Msze \u015bw. o <strong>godz. 6.30 <\/strong>i<strong> 7.00<\/strong>. Po Mszy \u015bw. wieczornej modlitwy za zmar\u0142ych. Z powodu trwaj\u0105cej pandemii Penitencjaria Apostolska zezwala, aby odpust zupe\u0142ny mo\u017cna by\u0142o zyska\u0107 nie tylko w dniach od 1-8 listopada, ale w inne osiem dni listopada, dowolnie wybrane przez wiernych. Warunkiem zyskania odpustu jest wyzbycie si\u0119 przywi\u0105zania do grzech\u00f3w, nawet lekkich, spowied\u017a, przyj\u0119cie Komunii \u015bw., pobo\u017cne nawiedzenie cmentarza i odm\u00f3wienie tam <strong><em>Ojcze nasz, Wierz\u0119 w Boga, modlitwy za zmar\u0142ych oraz dowolnej modlitwy w intencji Ojca \u015bw.<\/em><\/strong> Osoby starsze i chore mog\u0105 zyska\u0107 odpust zupe\u0142ny w \u0142\u0105czno\u015bci duchowej z wiernymi nawiedzaj\u0105cymi cmentarz, gdy wyklucz\u0105 przywi\u0105zanie do grzechu i odm\u00f3wi\u0105 za zmar\u0142ych modlitwy [r\u00f3\u017caniec, koronka] przed obrazem Pana Jezusa lub Matki Bo\u017cej. Po ustaniu pandemii osoby te powinny si\u0119 wyspowiada\u0107 i przyj\u0105\u0107 Komuni\u0119 \u015bw. W <strong>listopadzie<\/strong> mo\u017cna w ka\u017cdym dniu zyskiwa\u0107 odpusty za zmar\u0142ych, nawiedzaj\u0105c pobo\u017cnie cmentarz.&nbsp;<\/p>\n\n\n\n<p><strong>4.<\/strong> Od <strong>Dnia Zadusznego<\/strong> codziennie o <strong>godz. 17.30<\/strong> <strong>MODLITWA WYPOMINKOWA<\/strong> za zmar\u0142ych. Pami\u0119tajmy w modlitwie i ofierze Mszy \u015bw. o tych, kt\u00f3rzy odeszli do wieczno\u015bci. Zach\u0119camy tak\u017ce do spowiedzi, by w stanie \u0142aski m\u00f3c zyskiwa\u0107 odpusty za zmar\u0142ych.<\/p>\n\n\n\n<p><strong>5.<\/strong> W tym tygodniu <strong>pierwszy czwartek, pi\u0105tek <\/strong>i <strong>sobota<\/strong> miesi\u0105ca. W <strong>czwartek<\/strong> od godz. <strong>17.00 adoracja Naj\u015bwi\u0119tszego Sakramentu<\/strong>. Po wieczornej Mszy \u015bw. zapraszam Akcj\u0119 <strong>Katolick\u0105<\/strong> na spotkanie formacyjne. W <strong>pi\u0105tek<\/strong> do chorych udamy si\u0119 o sta\u0142ych porach. Spowied\u017a pierwszopi\u0105tkowa od godz. 16.00, nie b\u0119dzie Mszy \u015bw. dla dzieci, tylko udzielimy Komunii \u015bw., o godz. 17.30 modlitwa wypominkowa.&nbsp;<\/p>\n\n\n\n<p>W <strong>sobot\u0119<\/strong> <strong>nabo\u017ce\u0144stwo fatimskie<\/strong> rozpoczniemy o godz. 17.00 adoracj\u0105, natomiast r\u00f3\u017caniec fatimski o <strong>godz. 17.20<\/strong>. [Nie ma w tym dniu wypomink\u00f3w za zmar\u0142ych].<\/p>\n\n\n\n<p><strong>6.<\/strong> Dzi\u0119kujemy parafianom z klatki II bloku nr 2 przy ul. R\u00f3wnej za ofiary na sprz\u0105tanie i &nbsp;wystr\u00f3j \u015bwi\u0105tyni. Teraz prosimy o ofiary parafian z <strong>klatki III<\/strong> <strong>bloku nr 2 przy ul. R\u00f3wnej<\/strong>.<\/p>\n\n\n\n<p><strong>7.<\/strong> W tym tygodniu w czwartek wspominamy w liturgii Ko\u015bcio\u0142a <strong>\u015bw. Karola Boromeusza<\/strong>. Zach\u0119camy do lektury prasy katolickiej w kt\u00f3rej jak zawsze w tym czasie sporo refleksji zwi\u0105zanych z przemijaniem i \u017cyciem wiecznym. Warto je pog\u0142\u0119bia\u0107 i w wierze szuka\u0107 nadziei.<\/p>\n","protected":false},"excerpt":{"rendered":"<p>OG\u0141OSZENIA DUSZPASTERSKIE 1. O godz. 17.30 ostatnie ju\u017c nabo\u017ce\u0144stwo r\u00f3\u017ca\u0144cowe. Po Mszy \u015bw. o godz. 15.30 nie b\u0119dzie dzisiaj adoracji, natomiast na godz. 19.00 zapraszamy na uwielbienie Chrystusa w Naj\u015bwi\u0119tszym Sakramencie przez \u015bpiew i rozwa\u017canie s\u0142owa Bo\u017cego.&nbsp; W przysz\u0142\u0105 niedziel\u0119 po wieczornym nabo\u017ce\u0144stwie zmiana tajemnic r\u00f3\u017ca\u0144cowych. 2. Jutro UROCZYSTO\u015a\u0106 WSZYSTKICH \u015aWI\u0118TYCH. Porz\u0105dek Mszy \u015bw. jak &hellip; <\/p>\n<p class=\"link-more\"><a href=\"https:\/\/albert.przemyska.pl\/?p=951\" class=\"more-link\">Czytaj dalej<span class=\"screen-reader-text\"> \u201e31 NIEDZIELA ZWYK\u0141A   31.10.2021\u201d<\/span><\/a><\/p>\n","protected":false},"author":1,"featured_media":952,"comment_status":"closed","ping_status":"closed","sticky":false,"template":"","format":"standard","meta":{"footnotes":""},"categories":[3],"tags":[],"class_list":["post-951","post","type-post","status-publish","format-standard","has-post-thumbnail","hentry","category-ogloszenia"],"_links":{"self":[{"href":"https:\/\/albert.przemyska.pl\/index.php?rest_route=\/wp\/v2\/posts\/951","targetHints":{"allow":["GET"]}}],"collection":[{"href":"https:\/\/albert.przemyska.pl\/index.php?rest_route=\/wp\/v2\/posts"}],"about":[{"href":"https:\/\/albert.przemyska.pl\/index.php?rest_route=\/wp\/v2\/types\/post"}],"author":[{"embeddable":true,"href":"https:\/\/albert.przemyska.pl\/index.php?rest_route=\/wp\/v2\/users\/1"}],"replies":[{"embeddable":true,"href":"https:\/\/albert.przemyska.pl\/index.php?rest_route=%2Fwp%2Fv2%2Fcomments&post=951"}],"version-history":[{"count":1,"href":"https:\/\/albert.przemyska.pl\/index.php?rest_route=\/wp\/v2\/posts\/951\/revisions"}],"predecessor-version":[{"id":953,"href":"https:\/\/albert.przemyska.pl\/index.php?rest_route=\/wp\/v2\/posts\/951\/revisions\/953"}],"wp:featuredmedia":[{"embeddable":true,"href":"https:\/\/albert.przemyska.pl\/index.php?rest_route=\/wp\/v2\/media\/952"}],"wp:attachment":[{"href":"https:\/\/albert.przemyska.pl\/index.php?rest_route=%2Fwp%2Fv2%2Fmedia&parent=951"}],"wp:term":[{"taxonomy":"category","embeddable":true,"href":"https:\/\/albert.przemyska.pl\/index.php?rest_route=%2Fwp%2Fv2%2Fcategories&post=951"},{"taxonomy":"post_tag","embeddable":true,"href":"https:\/\/albert.przemyska.pl\/index.php?rest_route=%2Fwp%2Fv2%2Ftags&post=951"}],"curies":[{"name":"wp","href":"https:\/\/api.w.org\/{rel}","templated":true}]}}