{"id":956,"date":"2021-11-07T09:15:45","date_gmt":"2021-11-07T08:15:45","guid":{"rendered":"https:\/\/albert.przemyska.pl\/?p=956"},"modified":"2021-11-07T09:15:45","modified_gmt":"2021-11-07T08:15:45","slug":"32-niedziela-zwykla-7-11-2021-rocznica-poswiecenia-swiatyni","status":"publish","type":"post","link":"https:\/\/albert.przemyska.pl\/?p=956","title":{"rendered":"32 NIEDZIELA ZWYK\u0141A  7.11.2021. ROCZNICA PO\u015aWI\u0118CENIA \u015aWI\u0104TYNI"},"content":{"rendered":"\n<p><strong><span class=\"has-inline-color has-vivid-green-cyan-color\">OG\u0141OSZENIA DUSZPASTERSKIE<\/span><\/strong><\/p>\n\n\n\n<p><strong>1.<\/strong> Nasza parafialna wsp\u00f3lnota prze\u017cywa dzisiaj <strong>ROCZNIC\u0118 PO\u015aWI\u0118CENIA PARAFIALNEJ \u015aWI\u0104TYNI<\/strong>, dlatego polecamy w modlitwie wszystkich pracuj\u0105cych dot\u0105d w naszej parafii proboszcz\u00f3w i wikariuszy, a szczeg\u00f3lnie <strong>\u015bp. ks. Fryderyka Michalskiego<\/strong>. Modlimy si\u0119 za budowniczych i ofiarodawc\u00f3w, za wszystkich parafian, kt\u00f3rzy dzisiaj tworz\u0105 \u017cyw\u0105 wsp\u00f3lnot\u0119 wiary gromadz\u0105c\u0105 si\u0119 w tej \u015bwi\u0105tyni na modlitw\u0119 i sk\u0142adanie \u015bwi\u0119tej Ofiary. Za tydzie\u0144 sk\u0142adka b\u0119dzie przeznaczona na potrzeby parafii.<\/p>\n\n\n\n<p><strong>2<\/strong>. Po Mszy \u015bw. o godz. 15.30 adoracja Naj\u015bwi\u0119tszego Sakramentu. O godz. 17.30 r\u00f3\u017caniec za zmar\u0142ych polecanych w wypominkach i zmiana tajemnic r\u00f3\u017ca\u0144cowych.<\/p>\n\n\n\n<p><strong>3.<\/strong> W <strong>poniedzia\u0142ek<\/strong> na godz. 18.00 zapraszamy uczni\u00f3w <strong>klas VII<\/strong> na Msz\u0119 \u015bw. i&nbsp; spotkanie formacyjne przed bierzmowaniem, a we <strong>wtorek &#8211; klasy VIII<\/strong>.<\/p>\n\n\n\n<p><strong>4.<\/strong> W <strong>czwartek<\/strong> \u2013 <strong>103. rocznica odzyskania przez Polsk\u0119 niepodleg\u0142o\u015bci<\/strong>. Uroczyste obchody rozpoczn\u0105 si\u0119 o godz. 10.00 w archikatedrze Msz\u0105 \u015bw. w intencji ojczyzny, a dalsze uroczysto\u015bci przy Pomniku Orl\u0105t Przemyskich. Zach\u0119camy do skorzystania w tych dniach z wielu propozycji artystycznych i wsp\u00f3lnego \u015bwi\u0119towania.<\/p>\n\n\n\n<p><strong>5.<\/strong> Od Dnia Zadusznego codziennie o godz. 17.30 <strong>MODLITWA WYPOMINKOWA<\/strong> za zmar\u0142ych. Pami\u0119tajmy w modlitwie i ofierze Mszy \u015bw. o tych, kt\u00f3rzy odeszli do wieczno\u015bci. Zach\u0119camy do spowiedzi, by w stanie \u0142aski zyskiwa\u0107 odpusty za zmar\u0142ych.<\/p>\n\n\n\n<p><strong>6.<\/strong> Dzi\u0119kujemy parafianom z klatki III bloku nr 2 przy ul. R\u00f3wnej za ofiary na sprz\u0105tanie i &nbsp;wystr\u00f3j \u015bwi\u0105tyni. Teraz prosimy o ofiary parafian z <strong>klatki IV<\/strong> <strong>bloku nr 2.<\/strong><\/p>\n\n\n\n<p><strong>7.<\/strong> W tym tygodniu w liturgii Ko\u015bcio\u0142a obchodzimy wspomnienie:<\/p>\n\n\n\n<ul class=\"wp-block-list\"><li>wtorek \u2013 <strong>rocznicy po\u015bwi\u0119cenia Bazyliki \u015bw. Jana na Lateranie<\/strong><\/li><li>\u015broda<strong> &#8211;<\/strong> <strong>\u015bw. Leona Wielkiego<\/strong>, papie\u017ca<\/li><li>czwartek &#8211; <strong>\u015bw. Marcina z Tours<\/strong>, bpa<\/li><li>pi\u0105tek \u2013 <strong>\u015bw. Jozafata<\/strong>, bpa i m\u0119czennika<\/li><li>sobota \u2013 <strong>\u015bw. Benedykta, Jana, Mateusza, Izaaka i Krystyna<\/strong> \u2013 pierwszych polskich m\u0119czennik\u00f3w<\/li><\/ul>\n\n\n\n<p><strong>8.<\/strong> Zach\u0119camy do lektury prasy katolickiej, a tak\u017ce do obejrzenia okoliczno\u015bciowej wystawy po\u015bwi\u0119conej b\u0142. Prymasowi Stefanowi Wyszy\u0144skiemu. Nawiedzajmy w tym czasie groby naszych bliskich, ofiarujmy im dar Komunii \u015bw. eucharystycznej i m\u00f3dlmy si\u0119 dla nich o dar \u017cycia wiecznego.&nbsp;<\/p>\n\n\n\n<p>Opiece Maryi pole\u0107my nasz\u0105 ojczyzn\u0119 i parafialn\u0105 wsp\u00f3lnot\u0119 \u2013 <strong><em>Pod Twoj\u0105 obron\u0119\u2026<\/em><\/strong><\/p>\n","protected":false},"excerpt":{"rendered":"<p>OG\u0141OSZENIA DUSZPASTERSKIE 1. Nasza parafialna wsp\u00f3lnota prze\u017cywa dzisiaj ROCZNIC\u0118 PO\u015aWI\u0118CENIA PARAFIALNEJ \u015aWI\u0104TYNI, dlatego polecamy w modlitwie wszystkich pracuj\u0105cych dot\u0105d w naszej parafii proboszcz\u00f3w i wikariuszy, a szczeg\u00f3lnie \u015bp. ks. Fryderyka Michalskiego. Modlimy si\u0119 za budowniczych i ofiarodawc\u00f3w, za wszystkich parafian, kt\u00f3rzy dzisiaj tworz\u0105 \u017cyw\u0105 wsp\u00f3lnot\u0119 wiary gromadz\u0105c\u0105 si\u0119 w tej \u015bwi\u0105tyni na modlitw\u0119 i sk\u0142adanie &hellip; <\/p>\n<p class=\"link-more\"><a href=\"https:\/\/albert.przemyska.pl\/?p=956\" class=\"more-link\">Czytaj dalej<span class=\"screen-reader-text\"> \u201e32 NIEDZIELA ZWYK\u0141A  7.11.2021. ROCZNICA PO\u015aWI\u0118CENIA \u015aWI\u0104TYNI\u201d<\/span><\/a><\/p>\n","protected":false},"author":1,"featured_media":40,"comment_status":"closed","ping_status":"closed","sticky":false,"template":"","format":"standard","meta":{"footnotes":""},"categories":[3],"tags":[],"class_list":["post-956","post","type-post","status-publish","format-standard","has-post-thumbnail","hentry","category-ogloszenia"],"_links":{"self":[{"href":"https:\/\/albert.przemyska.pl\/index.php?rest_route=\/wp\/v2\/posts\/956","targetHints":{"allow":["GET"]}}],"collection":[{"href":"https:\/\/albert.przemyska.pl\/index.php?rest_route=\/wp\/v2\/posts"}],"about":[{"href":"https:\/\/albert.przemyska.pl\/index.php?rest_route=\/wp\/v2\/types\/post"}],"author":[{"embeddable":true,"href":"https:\/\/albert.przemyska.pl\/index.php?rest_route=\/wp\/v2\/users\/1"}],"replies":[{"embeddable":true,"href":"https:\/\/albert.przemyska.pl\/index.php?rest_route=%2Fwp%2Fv2%2Fcomments&post=956"}],"version-history":[{"count":1,"href":"https:\/\/albert.przemyska.pl\/index.php?rest_route=\/wp\/v2\/posts\/956\/revisions"}],"predecessor-version":[{"id":957,"href":"https:\/\/albert.przemyska.pl\/index.php?rest_route=\/wp\/v2\/posts\/956\/revisions\/957"}],"wp:featuredmedia":[{"embeddable":true,"href":"https:\/\/albert.przemyska.pl\/index.php?rest_route=\/wp\/v2\/media\/40"}],"wp:attachment":[{"href":"https:\/\/albert.przemyska.pl\/index.php?rest_route=%2Fwp%2Fv2%2Fmedia&parent=956"}],"wp:term":[{"taxonomy":"category","embeddable":true,"href":"https:\/\/albert.przemyska.pl\/index.php?rest_route=%2Fwp%2Fv2%2Fcategories&post=956"},{"taxonomy":"post_tag","embeddable":true,"href":"https:\/\/albert.przemyska.pl\/index.php?rest_route=%2Fwp%2Fv2%2Ftags&post=956"}],"curies":[{"name":"wp","href":"https:\/\/api.w.org\/{rel}","templated":true}]}}