{"id":959,"date":"2021-12-05T16:18:00","date_gmt":"2021-12-05T15:18:00","guid":{"rendered":"https:\/\/albert.przemyska.pl\/?p=959"},"modified":"2021-12-06T16:24:50","modified_gmt":"2021-12-06T15:24:50","slug":"2-niedziela-adwentu-5-12-2021","status":"publish","type":"post","link":"https:\/\/albert.przemyska.pl\/?p=959","title":{"rendered":"2 NIEDZIELA ADWENTU  5.12.2021."},"content":{"rendered":"\n<p class=\"has-text-align-center\"><strong><span class=\"has-inline-color has-vivid-purple-color\">OG\u0141OSZENIA DUSZPASTERSKIE<\/span><\/strong><\/p>\n\n\n\n<p><strong>1.<\/strong> Dzisiejsza niedziela to <strong>Dzie\u0144 Modlitwy i Solidarno\u015bci z Ko\u015bcio\u0142ami na Wschodzie<\/strong>. Ofiary sk\u0142adane w czasie Mszy \u015bw. b\u0119d\u0105 przeznaczone w po\u0142owie na pomoc wsp\u00f3lnotom katolickim na Ukrainie, Bia\u0142orusi i w Rosji oraz na Seminarium Duchowne. Po po\u0142udniu adoracja, o godz. <strong>17.30 <\/strong>modlitwa r\u00f3\u017ca\u0144cowa i zmiana tajemnic.<\/p>\n\n\n\n<p>Trwamy w Nowennie przed uroczysto\u015bci\u0105 Niepokalanego Pocz\u0119cia Maryi. W modlitwie nowennowej pami\u0119tamy tak\u017ce o klerykach kursu III, kt\u00f3rzy przyjm\u0105 sutann\u0119.<\/p>\n\n\n\n<p><strong>2.<\/strong> W poniedzia\u0142ek o <strong>godz. 16.30<\/strong> zawita do naszej \u015bwi\u0105tyni \u015bw. Miko\u0142aj. Zapraszamy na to spotkanie dzieci wraz z rodzicami. Ko\u015bci\u00f3\u0142 b\u0119dzie otwarty od godz. 15.30.<\/p>\n\n\n\n<p><strong>3.<\/strong> W <strong>\u015brod\u0119 uroczysto\u015b\u0107 Niepokalanego Pocz\u0119cia NMP<\/strong>. Msze \u015bw. w tym dniu &#8211; roraty o <strong>godz. 6.00<\/strong> i o <strong>godz. 18.00<\/strong>. Uroczysto\u015b\u0107 ta jest <strong>dniem \u015bwi\u0119to\u015bci \u017cycia<\/strong>, dlatego zach\u0119camy do <strong>duchowej adopcji<\/strong> dzieci pocz\u0119tych. Deklaracje s\u0105 wy\u0142o\u017cone przy filarach. B\u0142ogos\u0142awie\u0144stwo podejmuj\u0105cych t\u0119 krucjat\u0119 modlitwy b\u0119dzie na roratach. Na Mszy o godz. 18.00 b\u0119dzie po\u015bwi\u0119cenie medalik\u00f3w dla dzieci pierwszokomunijnych.<\/p>\n\n\n\n<p><strong>4.<\/strong> W zakrystii s\u0105 do nabycia <strong>\u015bwiece wigilijne<\/strong> w cenie <strong>5 z\u0142<\/strong> w ramach \u015bwi\u0105tecznej akcji Caritas na rzecz dzieci z ubogich rodzin. S\u0105 r\u00f3wnie\u017c wy\u0142o\u017cone <strong>po\u015bwi\u0119cone op\u0142atki wigilijne<\/strong>. Ofiary jak co roku s\u0105 przeznaczone na potrzeby naszej \u015bwi\u0105tyni.<\/p>\n\n\n\n<p><strong>5<\/strong><strong>.<\/strong> Szczeg\u00f3lnym czasem adwentowego czuwania s\u0105 <strong>RORATY<\/strong><strong> <\/strong>w naszej parafii w ci\u0105gu tygodnia o godz.<strong>6.00 rano<\/strong>. Dzi\u0119kujemy tym, kt\u00f3rzy gorliwie codziennie si\u0119 modl\u0105 i&nbsp;zach\u0119camy innych do uczestnictwa w tym adwentowym czuwaniu. W ci\u0105gu tygodnia <strong>na godz. 18.00<\/strong> zapraszamy dzieci i m\u0142odzie\u017c na <strong>adwentowe czuwanie<\/strong>.&nbsp;<\/p>\n\n\n\n<p>W ramach <strong>przygotowania do bierzmowania<\/strong> na godz. 18.00 na wieczorn\u0105 liturgi\u0119 zapraszamy w <strong>poniedzia\u0142ek<\/strong> &#8211; <strong>klasy VIII<\/strong>, we <strong>wtorek &#8211; klasy VII,<\/strong> w <strong>\u015brod\u0119<\/strong> <strong>&#8211; klasy VI<\/strong>.<\/p>\n\n\n\n<p><strong>6.<\/strong> Dzi\u0119kujemy parafianom z <strong>I klatki bloku nr 16 <\/strong>przy <strong>ul. St. Augusta<\/strong> za ofiary na sprz\u0105tanie i wystr\u00f3j \u015bwi\u0105tyni. Teraz prosimy o ofiary parafian z <strong>klatki II bloku nr 16<\/strong>.<\/p>\n\n\n\n<p><strong>7.<\/strong> W tym tygodniu w liturgii Ko\u015bcio\u0142a wspominamy:<\/p>\n\n\n\n<ul class=\"wp-block-list\"><li>wtorek \u2013 <strong>\u015bw. Ambro\u017cego<\/strong>, bpa i doktora Ko\u015bcio\u0142a<\/li><li>\u015broda \u2013 <strong>Niepokalane Pocz\u0119cie Maryi<\/strong><\/li><li>czwartek \u2013 <strong>\u015bw. Juana Diego&nbsp;<\/strong><\/li><\/ul>\n\n\n\n<p><strong>8.<\/strong> Zach\u0119camy do lektury prasy katolickiej <strong>Niedzieli<\/strong> i <strong>Go\u015bcia Niedzielnego<\/strong>. W Go\u015bciu ci\u0105g dalszy rozwa\u017ca\u0144 <strong><em>Czekamy na Ciebie, Ksi\u0105\u017c\u0119 pokoju!<\/em><\/strong> Niech czas adwentu b\u0119dzie dla nas rzeczywi\u015bcie czuwaniem na modlitwie, nawr\u00f3ceniem serca oraz otwieraniem si\u0119 na dary Ducha \u015awi\u0119tego.<\/p>\n","protected":false},"excerpt":{"rendered":"<p>OG\u0141OSZENIA DUSZPASTERSKIE 1. Dzisiejsza niedziela to Dzie\u0144 Modlitwy i Solidarno\u015bci z Ko\u015bcio\u0142ami na Wschodzie. Ofiary sk\u0142adane w czasie Mszy \u015bw. b\u0119d\u0105 przeznaczone w po\u0142owie na pomoc wsp\u00f3lnotom katolickim na Ukrainie, Bia\u0142orusi i w Rosji oraz na Seminarium Duchowne. Po po\u0142udniu adoracja, o godz. 17.30 modlitwa r\u00f3\u017ca\u0144cowa i zmiana tajemnic. Trwamy w Nowennie przed uroczysto\u015bci\u0105 Niepokalanego &hellip; <\/p>\n<p class=\"link-more\"><a href=\"https:\/\/albert.przemyska.pl\/?p=959\" class=\"more-link\">Czytaj dalej<span class=\"screen-reader-text\"> \u201e2 NIEDZIELA ADWENTU  5.12.2021.\u201d<\/span><\/a><\/p>\n","protected":false},"author":1,"featured_media":691,"comment_status":"closed","ping_status":"closed","sticky":false,"template":"","format":"standard","meta":{"footnotes":""},"categories":[3],"tags":[],"class_list":["post-959","post","type-post","status-publish","format-standard","has-post-thumbnail","hentry","category-ogloszenia"],"_links":{"self":[{"href":"https:\/\/albert.przemyska.pl\/index.php?rest_route=\/wp\/v2\/posts\/959","targetHints":{"allow":["GET"]}}],"collection":[{"href":"https:\/\/albert.przemyska.pl\/index.php?rest_route=\/wp\/v2\/posts"}],"about":[{"href":"https:\/\/albert.przemyska.pl\/index.php?rest_route=\/wp\/v2\/types\/post"}],"author":[{"embeddable":true,"href":"https:\/\/albert.przemyska.pl\/index.php?rest_route=\/wp\/v2\/users\/1"}],"replies":[{"embeddable":true,"href":"https:\/\/albert.przemyska.pl\/index.php?rest_route=%2Fwp%2Fv2%2Fcomments&post=959"}],"version-history":[{"count":1,"href":"https:\/\/albert.przemyska.pl\/index.php?rest_route=\/wp\/v2\/posts\/959\/revisions"}],"predecessor-version":[{"id":960,"href":"https:\/\/albert.przemyska.pl\/index.php?rest_route=\/wp\/v2\/posts\/959\/revisions\/960"}],"wp:featuredmedia":[{"embeddable":true,"href":"https:\/\/albert.przemyska.pl\/index.php?rest_route=\/wp\/v2\/media\/691"}],"wp:attachment":[{"href":"https:\/\/albert.przemyska.pl\/index.php?rest_route=%2Fwp%2Fv2%2Fmedia&parent=959"}],"wp:term":[{"taxonomy":"category","embeddable":true,"href":"https:\/\/albert.przemyska.pl\/index.php?rest_route=%2Fwp%2Fv2%2Fcategories&post=959"},{"taxonomy":"post_tag","embeddable":true,"href":"https:\/\/albert.przemyska.pl\/index.php?rest_route=%2Fwp%2Fv2%2Ftags&post=959"}],"curies":[{"name":"wp","href":"https:\/\/api.w.org\/{rel}","templated":true}]}}