{"id":962,"date":"2021-12-19T10:00:29","date_gmt":"2021-12-19T09:00:29","guid":{"rendered":"https:\/\/albert.przemyska.pl\/?p=962"},"modified":"2021-12-19T10:00:29","modified_gmt":"2021-12-19T09:00:29","slug":"4-niedziela-adwentu-19-12-2021","status":"publish","type":"post","link":"https:\/\/albert.przemyska.pl\/?p=962","title":{"rendered":"4 NIEDZIELA ADWENTU  19.12.2021."},"content":{"rendered":"\n<p class=\"has-text-align-center\"><strong><span class=\"has-inline-color has-vivid-purple-color\">OG\u0141OSZENIA DUSZPASTERSKIE<\/span><\/strong><\/p>\n\n\n\n<p><strong>1. <\/strong>O godz. <strong>17.30<\/strong> dzisiaj nabo\u017ce\u0144stwo r\u00f3\u017ca\u0144cowe w intencji naszych rodzin i parafii.&nbsp;<\/p>\n\n\n\n<p><strong>Towarzystwo Pomocy \u015aw. Brata Alberta<\/strong> zwraca si\u0119 z pro\u015bb\u0105 o podzielenie si\u0119 na \u015awi\u0119ta wypiekami z bezdomnymi. Prosimy je sk\u0142ada\u0107 bezpo\u015brednio do schroniska. <strong>PO\u015aWIECONE OP\u0141ATKI WIGILIJNE<\/strong> s\u0105 wy\u0142o\u017cone przy chrzcielnicy.<\/p>\n\n\n\n<p><strong>2.<\/strong> W tym tygodniu <strong>SPOWIED\u0179<\/strong> jeszcze w do \u015brody. Spowiadamy rano podczas rorat i&nbsp;wieczorem <strong>od godz. 17.00 do 18.00<\/strong>. W <strong>\u015aROD\u0118<\/strong> spowiada\u0107 b\u0119dziemy po po\u0142udniu od godz. <strong>15.00 \u2013 19.00<\/strong>. Gor\u0105co zach\u0119camy do spowiedzi, aby rado\u015bnie prze\u017cywa\u0107 \u015bwi\u0119ta.<\/p>\n\n\n\n<p><strong>3.<\/strong> W <strong>poniedzia\u0142ek<\/strong> od godz. 10.00 odwiedzimy chorych, kt\u00f3rzy nie korzystaj\u0105 z naszej pos\u0142ugi w pierwsze pi\u0105tki miesi\u0105ca. Prosimy zg\u0142osi\u0107 ich dzisiaj w zakrystii.<\/p>\n\n\n\n<p><strong>4.<\/strong> W czwartek<strong> rocznica \u015bwi\u0119ce\u0144 biskupich<\/strong>, a w pi\u0105tek <strong>dzie\u0144 imienin<\/strong> <strong>Abpa Adama SZALA<\/strong>. Polecajmy w modlitwach Jego pastersk\u0105 pos\u0142ug\u0119 w naszej archidiecezji.<\/p>\n\n\n\n<p><strong>5.<\/strong> W <strong>pi\u0105tek<\/strong> <strong>WIGILIA NARODZENIA PA\u0143SKIEGO<\/strong>. Zgodnie z nasz\u0105 chrze\u015bcija\u0144sk\u0105 tradycj\u0105 <strong>zach\u0119camy do wstrzymania si\u0119 od potraw mi\u0119snych<\/strong>. Zapraszamy na Msz\u0119 \u015bw. roratni\u0105 o godz. 6.00. Dzi\u0119kujemy wszystkim, kt\u00f3rzy tak licznie i gorliwie uczestniczyli w roratach. Szczeg\u00f3lne podzi\u0119kowania sk\u0142adamy p. Franciszkowi naszemu organi\u015bcie za \u015bpiew godzinek i towarzyszenie \u015bpiewem naszej roratniej modlitwie. W <strong>wigili\u0119<\/strong> <strong>nie b\u0119dzie ju\u017c Mszy \u015bw. o godz. 18.00.<\/strong><\/p>\n\n\n\n<p><strong>6.<\/strong> Wieczorem w wigili\u0119 zasiadamy do <strong>Wieczerzy wigilijnej<\/strong>, kt\u00f3ra prze\u017cywana w rodzinnym gronie powinna by\u0107 po\u0142\u0105czona z odczytaniem fragmentu Pisma \u015bw. o narodzeniu Pana Jezusa, wsp\u00f3ln\u0105 modlitw\u0105, \u015bpiewem kol\u0119d i pami\u0119ci\u0105 o samotnych. Niech alkohol nie niszczy atmosfery jedno\u015bci i pokoju naszych rodzin.<\/p>\n\n\n\n<p><strong>7.<\/strong> Z powodu ogranicze\u0144 zwi\u0105zanych z pandemi\u0105 w naszym ko\u015bciele b\u0119d\u0105 <strong>2 PASTERKI<\/strong>: <strong>o godz. 10.00<\/strong> [zapraszamy starszych oraz rodzic\u00f3w z dzie\u0107mi] oraz o <strong>godz.<\/strong> <strong>24.00<\/strong>. Msza \u015bw. pasterska rozpoczyna ju\u017c obch\u00f3d \u015awi\u0105t Bo\u017cego Narodzenia. Na Pasterki i \u015bwi\u0105teczne liturgie zapraszamy jak zawsze dawnych lektor\u00f3w i ministrant\u00f3w. <strong>Msze \u015bw. w Bo\u017ce Narodzenie i w \u015bwi\u0119to \u015aw. Rodziny o godz. 8.00, 10.00, 11.30<\/strong> i<strong> 15.30. Nie b\u0119dzie Mszy \u015bw. o godz. 18.00!<\/strong> Zach\u0119camy do rodzinnego \u015bwi\u0119towania tego czasu i wsp\u00f3lnego kol\u0119dowania w gronie najbli\u017cszych.&nbsp;<\/p>\n\n\n\n<p>W Bo\u017ce Narodzenie mo\u017cna zyska\u0107 odpust zupe\u0142ny za przyj\u0119cie w pobo\u017cnym usposobieniu przez radio lub telewizj\u0119 papieskiego b\u0142ogos\u0142awie\u0144stwa <strong>Urbi et Orbi<\/strong>.<\/p>\n\n\n\n<p><strong>8.<\/strong> Dzi\u0119kujemy za ofiary na sprz\u0105tanie i wystr\u00f3j \u015bwi\u0105tyni parafianom z <strong>III klatki bloku nr 16<\/strong> przy ul. St. Augusta. Teraz prosimy o ofiary parafian z <strong>klatki IV bloku nr 16<\/strong>.<\/p>\n\n\n\n<p><strong>9.<\/strong> Zach\u0119camy do lektury prasy katolickiej. Jak zawsze na \u015awi\u0119ta s\u0105 dodatkowe numery zar\u00f3wno <strong>Niedzieli<\/strong> i <strong>Go\u015bcia Niedzielnego<\/strong>. Warto si\u0119gn\u0105\u0107 w \u015bwi\u0105tecznym czasie po lektur\u0119, kt\u00f3ra mo\u017ce pom\u00f3c pog\u0142\u0119bi\u0107 prze\u017cywan\u0105 tajemnic\u0119 wcielenia. Jako dodatek w gazetach &#8211; tekst Ewangelii o Narodzeniu Jezusa i modlitwy przy wigilijnej wieczerzy.<\/p>\n","protected":false},"excerpt":{"rendered":"<p>OG\u0141OSZENIA DUSZPASTERSKIE 1. O godz. 17.30 dzisiaj nabo\u017ce\u0144stwo r\u00f3\u017ca\u0144cowe w intencji naszych rodzin i parafii.&nbsp; Towarzystwo Pomocy \u015aw. Brata Alberta zwraca si\u0119 z pro\u015bb\u0105 o podzielenie si\u0119 na \u015awi\u0119ta wypiekami z bezdomnymi. Prosimy je sk\u0142ada\u0107 bezpo\u015brednio do schroniska. PO\u015aWIECONE OP\u0141ATKI WIGILIJNE s\u0105 wy\u0142o\u017cone przy chrzcielnicy. 2. W tym tygodniu SPOWIED\u0179 jeszcze w do \u015brody. Spowiadamy &hellip; <\/p>\n<p class=\"link-more\"><a href=\"https:\/\/albert.przemyska.pl\/?p=962\" class=\"more-link\">Czytaj dalej<span class=\"screen-reader-text\"> \u201e4 NIEDZIELA ADWENTU  19.12.2021.\u201d<\/span><\/a><\/p>\n","protected":false},"author":1,"featured_media":0,"comment_status":"closed","ping_status":"closed","sticky":false,"template":"","format":"standard","meta":{"footnotes":""},"categories":[3],"tags":[],"class_list":["post-962","post","type-post","status-publish","format-standard","hentry","category-ogloszenia"],"_links":{"self":[{"href":"https:\/\/albert.przemyska.pl\/index.php?rest_route=\/wp\/v2\/posts\/962","targetHints":{"allow":["GET"]}}],"collection":[{"href":"https:\/\/albert.przemyska.pl\/index.php?rest_route=\/wp\/v2\/posts"}],"about":[{"href":"https:\/\/albert.przemyska.pl\/index.php?rest_route=\/wp\/v2\/types\/post"}],"author":[{"embeddable":true,"href":"https:\/\/albert.przemyska.pl\/index.php?rest_route=\/wp\/v2\/users\/1"}],"replies":[{"embeddable":true,"href":"https:\/\/albert.przemyska.pl\/index.php?rest_route=%2Fwp%2Fv2%2Fcomments&post=962"}],"version-history":[{"count":1,"href":"https:\/\/albert.przemyska.pl\/index.php?rest_route=\/wp\/v2\/posts\/962\/revisions"}],"predecessor-version":[{"id":963,"href":"https:\/\/albert.przemyska.pl\/index.php?rest_route=\/wp\/v2\/posts\/962\/revisions\/963"}],"wp:attachment":[{"href":"https:\/\/albert.przemyska.pl\/index.php?rest_route=%2Fwp%2Fv2%2Fmedia&parent=962"}],"wp:term":[{"taxonomy":"category","embeddable":true,"href":"https:\/\/albert.przemyska.pl\/index.php?rest_route=%2Fwp%2Fv2%2Fcategories&post=962"},{"taxonomy":"post_tag","embeddable":true,"href":"https:\/\/albert.przemyska.pl\/index.php?rest_route=%2Fwp%2Fv2%2Ftags&post=962"}],"curies":[{"name":"wp","href":"https:\/\/api.w.org\/{rel}","templated":true}]}}