{"id":964,"date":"2021-12-24T23:41:09","date_gmt":"2021-12-24T22:41:09","guid":{"rendered":"https:\/\/albert.przemyska.pl\/?p=964"},"modified":"2021-12-24T23:41:09","modified_gmt":"2021-12-24T22:41:09","slug":"narodzenie-panskie-2021r","status":"publish","type":"post","link":"https:\/\/albert.przemyska.pl\/?p=964","title":{"rendered":"NARODZENIE PA\u0143SKIE \u2013 2021r."},"content":{"rendered":"\n<p class=\"has-text-align-center has-luminous-vivid-amber-color has-text-color has-medium-font-size\"><strong>OG\u0141OSZENIA DUSZPASTERSKIE<\/strong><\/p>\n\n\n\n<ol class=\"wp-block-list\"><li>W dzisiejsz\u0105 uroczysto\u015b\u0107 Msze \u015bw. jeszcze o godz. 8.00; 10.00; 11.30 i 15.30. Taki sam<br>porz\u0105dek Mszy \u015bw. w dniu jutrzejszym. Nie b\u0119dzie Mszy \u015bw. o godz. 18.00. Serdecznie<br>zach\u0119camy, by ten \u015bwi\u0105teczny czas sp\u0119dza\u0107 w gronie rodzinnym przy wsp\u00f3lnym<br>kol\u0119dowaniu. Zapraszamy gor\u0105co do udzia\u0142u w \u015bwi\u0105tecznych liturgiach. W uroczysto\u015b\u0107<br>Narodzenia Pa\u0144skiego mo\u017cna zyska\u0107 odpust zupe\u0142ny za przyj\u0119cie z wiar\u0105 przez radio lub<br>telewizj\u0119 papieskiego b\u0142ogos\u0142awie\u0144stwa URBI et ORBI.<\/li><li>Sk\u0142adamy serdeczne podzi\u0119kowanie za dar pi\u0119knych choinek do naszej \u015bwi\u0105tyni oraz za<br>ich ustawienie w ko\u015bciele. Dzi\u0119kujemy wszystkim przygotowuj\u0105cym ko\u015bci\u00f3\u0142; za wykonanie<br>szopki oraz trud w\u0142o\u017cony w bo\u017conarodzeniowy wystr\u00f3j \u015bwi\u0105tyni &#8211; ks. Piotrowi, pani Anecie<br>Kielar oraz ca\u0142ej ekipie wspomagaj\u0105cej. Podzi\u0119kowania nale\u017c\u0105 si\u0119 tak\u017ce naszym lektorom, a<br>szczeg\u00f3lnie panu ko\u015bcielnemu Tomaszowi, za czas gorliwego adwentowego czuwania i<br>troski o \u015bwi\u0105tyni\u0119. Gor\u0105co dzi\u0119kujemy naszemu organi\u015bcie panu Franciszkowi za<br>prowadzenie godzinek i \u015bpiew na roratach oraz wszystkim modl\u0105cym si\u0119 wytrwale podczas<br>porannych rorat.<\/li><\/ol>\n","protected":false},"excerpt":{"rendered":"<p>OG\u0141OSZENIA DUSZPASTERSKIE W dzisiejsz\u0105 uroczysto\u015b\u0107 Msze \u015bw. jeszcze o godz. 8.00; 10.00; 11.30 i 15.30. Taki samporz\u0105dek Mszy \u015bw. w dniu jutrzejszym. Nie b\u0119dzie Mszy \u015bw. o godz. 18.00. Serdeczniezach\u0119camy, by ten \u015bwi\u0105teczny czas sp\u0119dza\u0107 w gronie rodzinnym przy wsp\u00f3lnymkol\u0119dowaniu. Zapraszamy gor\u0105co do udzia\u0142u w \u015bwi\u0105tecznych liturgiach. W uroczysto\u015b\u0107Narodzenia Pa\u0144skiego mo\u017cna zyska\u0107 odpust zupe\u0142ny za &hellip; <\/p>\n<p class=\"link-more\"><a href=\"https:\/\/albert.przemyska.pl\/?p=964\" class=\"more-link\">Czytaj dalej<span class=\"screen-reader-text\"> \u201eNARODZENIE PA\u0143SKIE \u2013 2021r.\u201d<\/span><\/a><\/p>\n","protected":false},"author":1,"featured_media":0,"comment_status":"closed","ping_status":"closed","sticky":false,"template":"","format":"standard","meta":{"footnotes":""},"categories":[3],"tags":[],"class_list":["post-964","post","type-post","status-publish","format-standard","hentry","category-ogloszenia"],"_links":{"self":[{"href":"https:\/\/albert.przemyska.pl\/index.php?rest_route=\/wp\/v2\/posts\/964","targetHints":{"allow":["GET"]}}],"collection":[{"href":"https:\/\/albert.przemyska.pl\/index.php?rest_route=\/wp\/v2\/posts"}],"about":[{"href":"https:\/\/albert.przemyska.pl\/index.php?rest_route=\/wp\/v2\/types\/post"}],"author":[{"embeddable":true,"href":"https:\/\/albert.przemyska.pl\/index.php?rest_route=\/wp\/v2\/users\/1"}],"replies":[{"embeddable":true,"href":"https:\/\/albert.przemyska.pl\/index.php?rest_route=%2Fwp%2Fv2%2Fcomments&post=964"}],"version-history":[{"count":1,"href":"https:\/\/albert.przemyska.pl\/index.php?rest_route=\/wp\/v2\/posts\/964\/revisions"}],"predecessor-version":[{"id":966,"href":"https:\/\/albert.przemyska.pl\/index.php?rest_route=\/wp\/v2\/posts\/964\/revisions\/966"}],"wp:attachment":[{"href":"https:\/\/albert.przemyska.pl\/index.php?rest_route=%2Fwp%2Fv2%2Fmedia&parent=964"}],"wp:term":[{"taxonomy":"category","embeddable":true,"href":"https:\/\/albert.przemyska.pl\/index.php?rest_route=%2Fwp%2Fv2%2Fcategories&post=964"},{"taxonomy":"post_tag","embeddable":true,"href":"https:\/\/albert.przemyska.pl\/index.php?rest_route=%2Fwp%2Fv2%2Ftags&post=964"}],"curies":[{"name":"wp","href":"https:\/\/api.w.org\/{rel}","templated":true}]}}