{"id":970,"date":"2021-12-26T00:43:00","date_gmt":"2021-12-25T23:43:00","guid":{"rendered":"https:\/\/albert.przemyska.pl\/?p=970"},"modified":"2021-12-24T23:47:41","modified_gmt":"2021-12-24T22:47:41","slug":"niedziela-swietej-rodziny-26-12-2021","status":"publish","type":"post","link":"https:\/\/albert.przemyska.pl\/?p=970","title":{"rendered":"NIEDZIELA \u015aWI\u0118TEJ RODZINY 26.12.2021."},"content":{"rendered":"\n<p class=\"has-text-align-center has-luminous-vivid-amber-color has-text-color has-medium-font-size\"><strong>OG\u0141OSZENIA DUSZPASTERSKIE<\/strong><\/p>\n\n\n\n<ol class=\"wp-block-list\"><li>Dzisiejsza NIEDZIELA \u015aWI\u0118TEJ RODZINY, przypomina nam wszystkim o<br>warto\u015bci ludzkiego \u017cycia i niezast\u0105pionej roli rodzic\u00f3w w przekazywaniu wiary.<br>Otoczmy zatem ma\u0142\u017conk\u00f3w i rodziny naszej parafialnej wsp\u00f3lnoty szczer\u0105 modlitw\u0105.<br>P Mszy \u015bw. o godz. 15.30, czyli od godz. 16.30 zapraszamy na adoracj\u0119 Chrystusa<br>eucharystycznego przez rozwa\u017canie s\u0142owa Bo\u017cego i \u015bpiew kol\u0119d.<br>Za tydzie\u0144 po nabo\u017ce\u0144stwie zmiana tajemnic r\u00f3\u017ca\u0144ca.<\/li><li>W pi\u0105tek zako\u0144czenie roku Pa\u0144skiego 2021. Ze wzgl\u0119du na p\u00f3\u017aniejsze<br>ograniczenia w przemieszczaniu si\u0119, nabo\u017ce\u0144stwo przeb\u0142agalno \u2013 dzi\u0119kczynne na<br>zako\u0144czenie 2021 roku o godz. 17.30, a o godz. 18.00 Msza \u015bw. dzi\u0119kczynna za<br>mijaj\u0105cy rok. Za udzia\u0142 w tym nabo\u017ce\u0144stwie mo\u017cna zyska\u0107 odpust zupe\u0142ny pod<br>zwyk\u0142ymi warunkami.<br>W najbli\u017cszy pi\u0105tek nie obowi\u0105zuje wstrzemi\u0119\u017aliwo\u015b\u0107 od pokarm\u00f3w mi\u0119snych.<br>Metropolita Przemyski, abp Adam Szal udzieli\u0142 dyspensy i r\u00f3wnocze\u015bnie zobowi\u0105za\u0142<br>korzystaj\u0105cych z dyspensy do z\u0142o\u017cenia dowolnej ofiary na misje.<\/li><li>W sobot\u0119 NOWY ROK &#8211; Uroczysto\u015b\u0107 \u015awi\u0119tej Bo\u017cej Rodzicielki Maryi. Jest to<br>tak\u017ce \u015awiatowy Dzie\u0144 modlitwy o pok\u00f3j na \u015bwiecie. Porz\u0105dek Mszy \u015bw. niedzielny.<\/li><li>Dzi\u0119kujemy za ofiary na sprz\u0105tanie i wystr\u00f3j \u015bwi\u0105tyni parafianom z IV klatki<br>bloku nr 16 przy ul. St. Augusta. Teraz prosimy o ofiary parafian z klatki V bloku nr<br>16.<\/li><li>SPOTKANIA KOL\u0118DOWE w podobnej formie jak w roku ubieg\u0142ym, czyli<br>podczas wieczornych Mszy \u015bw. rozpoczniemy dopiero po Nowym Roku.<\/li><li>W tym tygodniu w liturgii Ko\u015bcio\u0142a wspominamy:<br>\uf0b7 poniedzia\u0142ek \u2013 \u015bw. Jana, aposto\u0142a<br>\uf0b7 wtorek \u2013 \u015bw. M\u0142odziank\u00f3w, m\u0119czennik\u00f3w<br>\uf0b7 \u015broda &#8211; \u015bw. Tomasza Becketa, bpa i m\u0119czennika<br>\uf0b7 pi\u0105tek \u2013 \u015bw. Sylwestra, papie\u017ca<br>Niech Pan b\u0142ogos\u0142awi nasze rodziny i naszych bliskich na radosne \u015bwi\u0119towanie<br>Bo\u017cego Narodzenia.<\/li><\/ol>\n","protected":false},"excerpt":{"rendered":"<p>OG\u0141OSZENIA DUSZPASTERSKIE Dzisiejsza NIEDZIELA \u015aWI\u0118TEJ RODZINY, przypomina nam wszystkim owarto\u015bci ludzkiego \u017cycia i niezast\u0105pionej roli rodzic\u00f3w w przekazywaniu wiary.Otoczmy zatem ma\u0142\u017conk\u00f3w i rodziny naszej parafialnej wsp\u00f3lnoty szczer\u0105 modlitw\u0105.P Mszy \u015bw. o godz. 15.30, czyli od godz. 16.30 zapraszamy na adoracj\u0119 Chrystusaeucharystycznego przez rozwa\u017canie s\u0142owa Bo\u017cego i \u015bpiew kol\u0119d.Za tydzie\u0144 po nabo\u017ce\u0144stwie zmiana tajemnic r\u00f3\u017ca\u0144ca. W &hellip; <\/p>\n<p class=\"link-more\"><a href=\"https:\/\/albert.przemyska.pl\/?p=970\" class=\"more-link\">Czytaj dalej<span class=\"screen-reader-text\"> \u201eNIEDZIELA \u015aWI\u0118TEJ RODZINY 26.12.2021.\u201d<\/span><\/a><\/p>\n","protected":false},"author":1,"featured_media":0,"comment_status":"closed","ping_status":"closed","sticky":false,"template":"","format":"standard","meta":{"footnotes":""},"categories":[3],"tags":[],"class_list":["post-970","post","type-post","status-publish","format-standard","hentry","category-ogloszenia"],"_links":{"self":[{"href":"https:\/\/albert.przemyska.pl\/index.php?rest_route=\/wp\/v2\/posts\/970","targetHints":{"allow":["GET"]}}],"collection":[{"href":"https:\/\/albert.przemyska.pl\/index.php?rest_route=\/wp\/v2\/posts"}],"about":[{"href":"https:\/\/albert.przemyska.pl\/index.php?rest_route=\/wp\/v2\/types\/post"}],"author":[{"embeddable":true,"href":"https:\/\/albert.przemyska.pl\/index.php?rest_route=\/wp\/v2\/users\/1"}],"replies":[{"embeddable":true,"href":"https:\/\/albert.przemyska.pl\/index.php?rest_route=%2Fwp%2Fv2%2Fcomments&post=970"}],"version-history":[{"count":1,"href":"https:\/\/albert.przemyska.pl\/index.php?rest_route=\/wp\/v2\/posts\/970\/revisions"}],"predecessor-version":[{"id":972,"href":"https:\/\/albert.przemyska.pl\/index.php?rest_route=\/wp\/v2\/posts\/970\/revisions\/972"}],"wp:attachment":[{"href":"https:\/\/albert.przemyska.pl\/index.php?rest_route=%2Fwp%2Fv2%2Fmedia&parent=970"}],"wp:term":[{"taxonomy":"category","embeddable":true,"href":"https:\/\/albert.przemyska.pl\/index.php?rest_route=%2Fwp%2Fv2%2Fcategories&post=970"},{"taxonomy":"post_tag","embeddable":true,"href":"https:\/\/albert.przemyska.pl\/index.php?rest_route=%2Fwp%2Fv2%2Ftags&post=970"}],"curies":[{"name":"wp","href":"https:\/\/api.w.org\/{rel}","templated":true}]}}