{"id":974,"date":"2022-01-02T09:44:05","date_gmt":"2022-01-02T08:44:05","guid":{"rendered":"https:\/\/albert.przemyska.pl\/?p=974"},"modified":"2022-01-02T09:44:05","modified_gmt":"2022-01-02T08:44:05","slug":"mini-orszak-trzech-kroli","status":"publish","type":"post","link":"https:\/\/albert.przemyska.pl\/?p=974","title":{"rendered":"Mini Orszak Trzech Kr\u00f3li"},"content":{"rendered":"\n<p>Zapraszamy mieszka\u0144c\u00f3w Przemy\u015bla na Mini Orszak Trzech Kr\u00f3li, kt\u00f3ry odb\u0119dzie si\u0119 6 stycznia, w Uroczysto\u015b\u0107 Objawienia Pa\u0144skiego. Orszak rozpocznie si\u0119 Msz\u0105 \u015awi\u0119t\u0105 o godz. 11:30 w Archikatedrze, pod przewodnictwem abpa Adama Szala podczas kt\u00f3rej b\u0119dziemy modli\u0107 si\u0119 o Bo\u017ce b\u0142ogos\u0142awie\u0144stwo dla mieszka\u0144c\u00f3w miasta. Po Mszy \u015awi\u0119tej (ok. godz. 12:40) Orszak Trzech Kr\u00f3li przejdzie pod szopk\u0119 w Rynku Starego Miasta, gdzie wsp\u00f3lnie za\u015bpiewamy kol\u0119dy.<\/p>\n","protected":false},"excerpt":{"rendered":"<p>Zapraszamy mieszka\u0144c\u00f3w Przemy\u015bla na Mini Orszak Trzech Kr\u00f3li, kt\u00f3ry odb\u0119dzie si\u0119 6 stycznia, w Uroczysto\u015b\u0107 Objawienia Pa\u0144skiego. Orszak rozpocznie si\u0119 Msz\u0105 \u015awi\u0119t\u0105 o godz. 11:30 w Archikatedrze, pod przewodnictwem abpa Adama Szala podczas kt\u00f3rej b\u0119dziemy modli\u0107 si\u0119 o Bo\u017ce b\u0142ogos\u0142awie\u0144stwo dla mieszka\u0144c\u00f3w miasta. Po Mszy \u015awi\u0119tej (ok. godz. 12:40) Orszak Trzech Kr\u00f3li przejdzie pod szopk\u0119 &hellip; <\/p>\n<p class=\"link-more\"><a href=\"https:\/\/albert.przemyska.pl\/?p=974\" class=\"more-link\">Czytaj dalej<span class=\"screen-reader-text\"> \u201eMini Orszak Trzech Kr\u00f3li\u201d<\/span><\/a><\/p>\n","protected":false},"author":1,"featured_media":0,"comment_status":"closed","ping_status":"closed","sticky":false,"template":"","format":"standard","meta":{"footnotes":""},"categories":[3],"tags":[],"class_list":["post-974","post","type-post","status-publish","format-standard","hentry","category-ogloszenia"],"_links":{"self":[{"href":"https:\/\/albert.przemyska.pl\/index.php?rest_route=\/wp\/v2\/posts\/974","targetHints":{"allow":["GET"]}}],"collection":[{"href":"https:\/\/albert.przemyska.pl\/index.php?rest_route=\/wp\/v2\/posts"}],"about":[{"href":"https:\/\/albert.przemyska.pl\/index.php?rest_route=\/wp\/v2\/types\/post"}],"author":[{"embeddable":true,"href":"https:\/\/albert.przemyska.pl\/index.php?rest_route=\/wp\/v2\/users\/1"}],"replies":[{"embeddable":true,"href":"https:\/\/albert.przemyska.pl\/index.php?rest_route=%2Fwp%2Fv2%2Fcomments&post=974"}],"version-history":[{"count":1,"href":"https:\/\/albert.przemyska.pl\/index.php?rest_route=\/wp\/v2\/posts\/974\/revisions"}],"predecessor-version":[{"id":976,"href":"https:\/\/albert.przemyska.pl\/index.php?rest_route=\/wp\/v2\/posts\/974\/revisions\/976"}],"wp:attachment":[{"href":"https:\/\/albert.przemyska.pl\/index.php?rest_route=%2Fwp%2Fv2%2Fmedia&parent=974"}],"wp:term":[{"taxonomy":"category","embeddable":true,"href":"https:\/\/albert.przemyska.pl\/index.php?rest_route=%2Fwp%2Fv2%2Fcategories&post=974"},{"taxonomy":"post_tag","embeddable":true,"href":"https:\/\/albert.przemyska.pl\/index.php?rest_route=%2Fwp%2Fv2%2Ftags&post=974"}],"curies":[{"name":"wp","href":"https:\/\/api.w.org\/{rel}","templated":true}]}}