{"id":980,"date":"2022-01-02T09:54:05","date_gmt":"2022-01-02T08:54:05","guid":{"rendered":"https:\/\/albert.przemyska.pl\/?p=980"},"modified":"2022-01-02T09:54:05","modified_gmt":"2022-01-02T08:54:05","slug":"koleda-2022","status":"publish","type":"post","link":"https:\/\/albert.przemyska.pl\/?p=980","title":{"rendered":"KOL\u0118DA 2022"},"content":{"rendered":"\n<p>W tym tygodniu rozpoczynamy <strong>SPOTKANIA KOL\u0118DOWE<\/strong>. Na wieczorn\u0105 Eucharysti\u0119, sprawowan\u0105 w intencji rodzin z danego rejonu parafii, zapraszamy parafian tam zamieszkuj\u0105cych. Prosimy o zaanga\u017cowanie w liturgi\u0119, a tak\u017ce o przyniesienie wody, kt\u00f3r\u0105 po\u015bwi\u0119cimy, aby mo\u017cna ni\u0105 by\u0142o pokropi\u0107 mieszkania.<\/p>\n\n\n\n<p><strong>PLAN SPOTKA\u0143 KOL\u0118DOWYCH<\/strong><\/p>\n\n\n\n<p><strong>PONIEDZIA\u0141EK [3.01.22] <\/strong>\u2013 ul. <strong>St. Augusta bloki 16, 16A, 20, 20A<\/strong><\/p>\n\n\n\n<p><strong>WTOREK<\/strong> <strong>[4.01.22]<\/strong> \u2013 ul. <strong>St. Augusta bloki 18A<\/strong> oraz mieszka\u0144cy <strong>dom\u00f3w z ul. Borelowskiego, 29 Listopada i St. Augusta<\/strong><\/p>\n\n\n\n<p><strong>\u015aRODA<\/strong> <strong>[5.01.22]<\/strong> \u2013 <strong>WINNA G\u00d3RA<\/strong> [ul. Chrobrego, Wyspia\u0144skiego, Mireckiego, Tarnowskiego, Idzikowskiego, Gliniana, E. Plater, Dobra, Astronaut\u00f3w<\/p>\n\n\n\n<p><strong>PI\u0104TEK \u2013 [7.01.22] &#8211; PODWINIE<\/strong> [ul. Chod\u017aki, Ordona, Ma\u0142achowskiego, Podg\u00f3rska, Wybickiego]<\/p>\n\n\n\n<p><strong>SOBOTA<\/strong> \u2013 <strong>[8.01.22]<\/strong> &#8211; <strong>mieszka\u0144c\u00f3w dom\u00f3w z tzw<\/strong>. <strong>ULICZEK<\/strong> [ul. Ko\u017amiana, Kad\u0142ubka, Orzeszkowej, Rodziewicz\u00f3wny, Lenartowicza, Barcewicza, Pogodnej i Rogozi\u0144skiego]<\/p>\n\n\n\n<p><strong>PONIEDZIA\u0141EK<\/strong> <strong>[10.01.22]<\/strong> \u2013 <strong>mieszka\u0144c\u00f3w<\/strong> z ul. <strong>Focha <\/strong>i<strong> R\u00f3wna&nbsp;<\/strong><\/p>\n\n\n\n<p><strong>WTOREK [11.01.22]<\/strong> \u2013 <strong>ul. Rogozi\u0144skiego <\/strong>mieszka\u0144cy <strong>blok\u00f3w<\/strong> <strong>nr<\/strong> <strong>1, 2, 3, 4<\/strong><\/p>\n\n\n\n<p><strong>\u015aRODA [12.01.22] &#8211; ul. Rogozi\u0144skiego <\/strong>mieszka\u0144cy <strong>blok\u00f3w<\/strong> <strong>nr 5, 11, 15;&nbsp;<\/strong><\/p>\n\n\n\n<p>oraz <strong>ul. Borelowskiego nr 10<\/strong><\/p>\n\n\n\n<p><strong>CZWARTEK<\/strong>\u2013 <strong>[13.01.22] <\/strong>&#8211; <strong>ul. Rogozi\u0144skiego<\/strong> mieszka\u0144cy <strong>blok\u00f3w nr 13 i 17<\/strong><\/p>\n\n\n\n<p><strong>PI\u0104TEK<\/strong> <strong>[14.01.22]<\/strong> \u2013 <strong>ul. Rogozi\u0144skiego<\/strong> mieszka\u0144cy <strong>blok\u00f3w nr 19, 21, 23<\/strong><\/p>\n","protected":false},"excerpt":{"rendered":"<p>W tym tygodniu rozpoczynamy SPOTKANIA KOL\u0118DOWE. Na wieczorn\u0105 Eucharysti\u0119, sprawowan\u0105 w intencji rodzin z danego rejonu parafii, zapraszamy parafian tam zamieszkuj\u0105cych. Prosimy o zaanga\u017cowanie w liturgi\u0119, a tak\u017ce o przyniesienie wody, kt\u00f3r\u0105 po\u015bwi\u0119cimy, aby mo\u017cna ni\u0105 by\u0142o pokropi\u0107 mieszkania. PLAN SPOTKA\u0143 KOL\u0118DOWYCH PONIEDZIA\u0141EK [3.01.22] \u2013 ul. St. Augusta bloki 16, 16A, 20, 20A WTOREK [4.01.22] &hellip; <\/p>\n<p class=\"link-more\"><a href=\"https:\/\/albert.przemyska.pl\/?p=980\" class=\"more-link\">Czytaj dalej<span class=\"screen-reader-text\"> \u201eKOL\u0118DA 2022\u201d<\/span><\/a><\/p>\n","protected":false},"author":1,"featured_media":981,"comment_status":"closed","ping_status":"closed","sticky":false,"template":"","format":"standard","meta":{"footnotes":""},"categories":[3],"tags":[],"class_list":["post-980","post","type-post","status-publish","format-standard","has-post-thumbnail","hentry","category-ogloszenia"],"_links":{"self":[{"href":"https:\/\/albert.przemyska.pl\/index.php?rest_route=\/wp\/v2\/posts\/980","targetHints":{"allow":["GET"]}}],"collection":[{"href":"https:\/\/albert.przemyska.pl\/index.php?rest_route=\/wp\/v2\/posts"}],"about":[{"href":"https:\/\/albert.przemyska.pl\/index.php?rest_route=\/wp\/v2\/types\/post"}],"author":[{"embeddable":true,"href":"https:\/\/albert.przemyska.pl\/index.php?rest_route=\/wp\/v2\/users\/1"}],"replies":[{"embeddable":true,"href":"https:\/\/albert.przemyska.pl\/index.php?rest_route=%2Fwp%2Fv2%2Fcomments&post=980"}],"version-history":[{"count":1,"href":"https:\/\/albert.przemyska.pl\/index.php?rest_route=\/wp\/v2\/posts\/980\/revisions"}],"predecessor-version":[{"id":982,"href":"https:\/\/albert.przemyska.pl\/index.php?rest_route=\/wp\/v2\/posts\/980\/revisions\/982"}],"wp:featuredmedia":[{"embeddable":true,"href":"https:\/\/albert.przemyska.pl\/index.php?rest_route=\/wp\/v2\/media\/981"}],"wp:attachment":[{"href":"https:\/\/albert.przemyska.pl\/index.php?rest_route=%2Fwp%2Fv2%2Fmedia&parent=980"}],"wp:term":[{"taxonomy":"category","embeddable":true,"href":"https:\/\/albert.przemyska.pl\/index.php?rest_route=%2Fwp%2Fv2%2Fcategories&post=980"},{"taxonomy":"post_tag","embeddable":true,"href":"https:\/\/albert.przemyska.pl\/index.php?rest_route=%2Fwp%2Fv2%2Ftags&post=980"}],"curies":[{"name":"wp","href":"https:\/\/api.w.org\/{rel}","templated":true}]}}