{"id":987,"date":"2022-01-16T13:13:28","date_gmt":"2022-01-16T12:13:28","guid":{"rendered":"https:\/\/albert.przemyska.pl\/?p=987"},"modified":"2022-01-16T13:13:28","modified_gmt":"2022-01-16T12:13:28","slug":"2-niedziela-zwykla-16-01-2022","status":"publish","type":"post","link":"https:\/\/albert.przemyska.pl\/?p=987","title":{"rendered":"2 NIEDZIELA ZWYK\u0141A 16.01.2022."},"content":{"rendered":"\n<p class=\"has-text-align-center has-vivid-green-cyan-color has-text-color has-medium-font-size\"><strong>OG\u0141OSZENIA DUSZPASTERSKIE<\/strong><\/p>\n\n\n\n<ol class=\"wp-block-list\"><li>O godz. 17.30 nabo\u017ce\u0144stwo r\u00f3\u017ca\u0144cowe w intencji naszych rodzin i ca\u0142ej wsp\u00f3lnoty<br>parafialnej. Za tydzie\u0144 NIEDZIELA S\u0141OWA BO\u017bEGO.<\/li><li>Zako\u0144czyli\u015bmy w tym tygodniu nasze spotkania kol\u0119dowe. Serdecznie dzi\u0119kujemy<br>wszystkim, kt\u00f3rzy podczas wieczornej Mszy \u015bw. modlili si\u0119 wsp\u00f3lnie z nami oraz<br>\u0142\u0105czyli si\u0119 duchowo w czasie Eucharystii. B\u00f3g zap\u0142a\u0107 tak\u017ce za sk\u0142adane przy tej okazji<br>ofiary. Wszystkie wasze rodzinne troski, kt\u00f3rymi \u017cyjecie na co dzie\u0144, z ufno\u015bci\u0105<br>zanosimy do Pana w czasie codziennej Eucharystii oraz w naszej kap\u0142a\u0144skiej<br>modlitwie.<\/li><li>Od wtorku rozpoczyna si\u0119 w ca\u0142ym Ko\u015bciele TYDZIE\u0143 MODLITW O<br>JEDNO\u015a\u0106 CHRZE\u015aCIJAN. B\u0119dziemy prosi\u0107 o dar jedno\u015bci dla wyznawc\u00f3w<br>Chrystusa.<\/li><li>W \u015brod\u0119 wspomnienie \u015bw. bpa J\u00f3zefa Sebastiana Pelczara. Jego wstawiennictwu<br>polecajmy nasz\u0105 archidiecezj\u0119, kt\u00f3rej patronuje i pos\u0142ug\u0119 naszych biskup\u00f3w i<br>kap\u0142an\u00f3w. W parafii na Monte Cassino uroczysto\u015b\u0107 odpustowa w przysz\u0142\u0105 niedziel\u0119.<\/li><li>W tym tygodniu spotkania formacyjne przed bierzmowaniem. W \u015brod\u0119<br>zapraszamy \u2013 klasy VI, w czwartek \u2013 klasy \u2013 VII i w pi\u0105tek &#8211; klasy VIII na godz.<br>17.00 do salki przy plebanii.<\/li><li>W pi\u0105tek \u015bwi\u0119tujemy Dzie\u0144 Babci, a w sobot\u0119 Dzie\u0144 Dziadka. Polecajmy naszych<br>senior\u00f3w szczeg\u00f3lnej opiece Matki Naj\u015bwi\u0119tszej, dzi\u0119kuj\u0105c im za cierpliwe i &nbsp;dobre<br>serca oraz prosz\u0105c dla nich o zdrowie i si\u0142y.<\/li><li>Medyczna Szko\u0142a Policealna w Przemy\u015blu prowadzi nab\u00f3r na semestr zimowy<br>2021\/22 w zawodach \u2013 technik farmaceutyczny, technik us\u0142ug kosmetycznych, opieka<br>dzieci\u0119ca i technik sterylizacji medycznej. Nauka w szkole jest bezp\u0142atna. Zapisy oraz<br>szczeg\u00f3\u0142y na stronie internetowej lub w sekretariacie szko\u0142y przy ul. \u0141ukasi\u0144skiego<br>20.<\/li><li>Dzi\u0119kujemy parafianom z klatki II bloku nr 18A przy ul. St. Augusta za ofiary na<br>sprz\u0105tanie i wystr\u00f3j \u015bwi\u0105tyni. Teraz prosimy o ofiary parafian z kl. III bloku nr 18A.<\/li><li>W tym tygodniu w liturgii wspominamy:<br>\uf0b7 \u015broda \u2013 \u015bw. J\u00f3zefa Sebastiana Pelczara, bpa<br>\uf0b7 czwartek &#8211; \u015bw. Sebastiana i Fabiana, m\u0119czennik\u00f3w<br>\uf0b7 pi\u0105tek \u2013 \u015bw. Agnieszk\u0119, dziewic\u0119 i m\u0119czennic\u0119<br>\uf0b7 sobota \u2013 \u015bw. Wincentego<\/li><li>Zapraszamy do lektury prasy katolickiej \u2013 nowe numery Niedzieli, Go\u015bcia<br>Niedzielnego oraz Misyjnych Dr\u00f3g. W Go\u015bciu \u2013 p\u0142yta CD z ksi\u0119g\u0105 Rodzaju i<br>Wyj\u015bcia. Gor\u0105co zach\u0119camy tak\u017ce do wsp\u00f3lnego rodzinnego kol\u0119dowania, by<br>przed\u0142u\u017ca\u0107 rado\u015b\u0107 z tajemnicy narodzenia Zbawiciela. Przyjmijcie dar Bo\u017cego<br>b\u0142ogos\u0142awie\u0144stwa.<\/li><\/ol>\n","protected":false},"excerpt":{"rendered":"<p>OG\u0141OSZENIA DUSZPASTERSKIE O godz. 17.30 nabo\u017ce\u0144stwo r\u00f3\u017ca\u0144cowe w intencji naszych rodzin i ca\u0142ej wsp\u00f3lnotyparafialnej. Za tydzie\u0144 NIEDZIELA S\u0141OWA BO\u017bEGO. Zako\u0144czyli\u015bmy w tym tygodniu nasze spotkania kol\u0119dowe. Serdecznie dzi\u0119kujemywszystkim, kt\u00f3rzy podczas wieczornej Mszy \u015bw. modlili si\u0119 wsp\u00f3lnie z nami oraz\u0142\u0105czyli si\u0119 duchowo w czasie Eucharystii. B\u00f3g zap\u0142a\u0107 tak\u017ce za sk\u0142adane przy tej okazjiofiary. Wszystkie wasze rodzinne &hellip; <\/p>\n<p class=\"link-more\"><a href=\"https:\/\/albert.przemyska.pl\/?p=987\" class=\"more-link\">Czytaj dalej<span class=\"screen-reader-text\"> \u201e2 NIEDZIELA ZWYK\u0141A 16.01.2022.\u201d<\/span><\/a><\/p>\n","protected":false},"author":1,"featured_media":988,"comment_status":"closed","ping_status":"closed","sticky":false,"template":"","format":"standard","meta":{"footnotes":""},"categories":[3],"tags":[],"class_list":["post-987","post","type-post","status-publish","format-standard","has-post-thumbnail","hentry","category-ogloszenia"],"_links":{"self":[{"href":"https:\/\/albert.przemyska.pl\/index.php?rest_route=\/wp\/v2\/posts\/987","targetHints":{"allow":["GET"]}}],"collection":[{"href":"https:\/\/albert.przemyska.pl\/index.php?rest_route=\/wp\/v2\/posts"}],"about":[{"href":"https:\/\/albert.przemyska.pl\/index.php?rest_route=\/wp\/v2\/types\/post"}],"author":[{"embeddable":true,"href":"https:\/\/albert.przemyska.pl\/index.php?rest_route=\/wp\/v2\/users\/1"}],"replies":[{"embeddable":true,"href":"https:\/\/albert.przemyska.pl\/index.php?rest_route=%2Fwp%2Fv2%2Fcomments&post=987"}],"version-history":[{"count":1,"href":"https:\/\/albert.przemyska.pl\/index.php?rest_route=\/wp\/v2\/posts\/987\/revisions"}],"predecessor-version":[{"id":989,"href":"https:\/\/albert.przemyska.pl\/index.php?rest_route=\/wp\/v2\/posts\/987\/revisions\/989"}],"wp:featuredmedia":[{"embeddable":true,"href":"https:\/\/albert.przemyska.pl\/index.php?rest_route=\/wp\/v2\/media\/988"}],"wp:attachment":[{"href":"https:\/\/albert.przemyska.pl\/index.php?rest_route=%2Fwp%2Fv2%2Fmedia&parent=987"}],"wp:term":[{"taxonomy":"category","embeddable":true,"href":"https:\/\/albert.przemyska.pl\/index.php?rest_route=%2Fwp%2Fv2%2Fcategories&post=987"},{"taxonomy":"post_tag","embeddable":true,"href":"https:\/\/albert.przemyska.pl\/index.php?rest_route=%2Fwp%2Fv2%2Ftags&post=987"}],"curies":[{"name":"wp","href":"https:\/\/api.w.org\/{rel}","templated":true}]}}