{"id":990,"date":"2022-01-23T13:31:17","date_gmt":"2022-01-23T12:31:17","guid":{"rendered":"https:\/\/albert.przemyska.pl\/?p=990"},"modified":"2022-01-23T13:31:17","modified_gmt":"2022-01-23T12:31:17","slug":"3-niedziela-zwykla-23-01-2022","status":"publish","type":"post","link":"https:\/\/albert.przemyska.pl\/?p=990","title":{"rendered":"3 NIEDZIELA ZWYK\u0141A 23.01.2022."},"content":{"rendered":"\n<p class=\"has-text-align-center has-vivid-green-cyan-color has-text-color has-medium-font-size\"><strong>OG\u0141OSZENIA DUSZPASTERSKIE<\/strong><\/p>\n\n\n\n<ol class=\"wp-block-list\"><li>Prze\u017cywana dzi\u015b NIEDZIELA S\u0141OWA BO\u017bEGO ma nas nie tylko uwra\u017cliwi\u0107 na warto\u015b\u0107 objawionego Bo\u017cego S\u0142owa, ale przede wszystkim zach\u0119ci\u0107 do codziennej lektury Pisma \u015awi\u0119tego i pog\u0142\u0119bionej modlitwy S\u0142owem Bo\u017cym. O godz. 17.30 nabo\u017ce\u0144stwo r\u00f3\u017ca\u0144cowe w intencji ustania pandemii.<\/li><li>We wtorek w \u015bwi\u0119to nawr\u00f3cenia \u015bw. Paw\u0142a zako\u0144czenie Tygodnia Modlitw oJedno\u015b\u0107 Chrze\u015bcijan.<\/li><li>Od 31.01 &#8211; 18.02 2022. w archikatedrze KATECHEZY PRZEDMA\u0141\u017bE\u0143SKIE. Spotkania b\u0119d\u0105 w poniedzia\u0142ki, \u015brody i pi\u0105tki o godz. 19.00.<\/li><li>Przypominamy, \u017ce Medyczna Szko\u0142a Policealna w Przemy\u015blu prowadzi nab\u00f3r na semestr zimowy 2021\/22 w zawodach \u2013 technik farmaceutyczny, technik us\u0142ug kosmetycznych oraz opieka dzieci\u0119ca. Nauka w szkole jest bezp\u0142atna. Zapisy na stronie internetowej lub w sekretariacie szko\u0142y przy ul. \u0141ukasi\u0144skiego 20.<\/li><li>W przysz\u0142\u0105 sobot\u0119 na wieczornej niedzielnej ju\u017c Eucharystii naszej modlitwie b\u0119dzie towarzyszy\u0142 ch\u00f3r Zespo\u0142u Szk\u00f3\u0142 Muzycznych w Przemy\u015blu pod batut\u0105 pana Piotra Szel\u0105\u017cka. Natomiast w przysz\u0142\u0105 niedziel\u0119 na Mszach \u015bw. o godz. 10.00 i 11.30 ch\u00f3r Szko\u0142y Muzycznej poprowadzi pani Joanna Szel\u0105\u017cek. Wieczorn\u0105 Msz\u0119 \u015bw. u\u015bwietni ch\u00f3r Politechniki Rzeszowskiej. Bardzo serdecznie zapraszamy do wsp\u00f3lnej modlitwy przepi\u0119knymi polskimi kol\u0119dami.<\/li><li>W tym tygodniu ponawiamy pro\u015bb\u0119 o ofiary na sprz\u0105tanie i wystr\u00f3j \u015bwi\u0105tyni do parafian z klatki II i klatki III bloku nr 18A przy ul. St. Augusta.<\/li><li>W tym tygodniu w liturgii wspominamy:<br>\uf0b7 poniedzia\u0142ek \u2013 \u015bw. Franciszka Salezego, bpa i doktora Ko\u015bcio\u0142a<br>\uf0b7 wtorek \u2013 nawr\u00f3cenia \u015bw. Paw\u0142a aposto\u0142a<br>\uf0b7 \u015broda \u2013 \u015bw. Tymoteusza i Tytusa<br>\uf0b7 pi\u0105tek \u2013 \u015bw. Tomasza z Akwinu, doktora Ko\u015bcio\u0142a<\/li><li>Zapraszamy gor\u0105co do lektury prasy katolickiej. Warto w Niedziel\u0119 Biblijn\u0105 pochyli\u0107 si\u0119 nad s\u0142owem Ewangelii, czy skorzysta\u0107 z zamieszczanych tam komentarzy. S\u0105 ju\u017c nowe numery Ma\u0142ego Go\u015bcia Niedzielnego. Przy wyj\u015bciu z ko\u015bcio\u0142a warto zabra\u0107 fragmenty biblijne jako s\u0142owo \u017cycia. Przyjmijcie dar Bo\u017cego<br>b\u0142ogos\u0142awie\u0144stwa.<\/li><\/ol>\n","protected":false},"excerpt":{"rendered":"<p>OG\u0141OSZENIA DUSZPASTERSKIE Prze\u017cywana dzi\u015b NIEDZIELA S\u0141OWA BO\u017bEGO ma nas nie tylko uwra\u017cliwi\u0107 na warto\u015b\u0107 objawionego Bo\u017cego S\u0142owa, ale przede wszystkim zach\u0119ci\u0107 do codziennej lektury Pisma \u015awi\u0119tego i pog\u0142\u0119bionej modlitwy S\u0142owem Bo\u017cym. O godz. 17.30 nabo\u017ce\u0144stwo r\u00f3\u017ca\u0144cowe w intencji ustania pandemii. We wtorek w \u015bwi\u0119to nawr\u00f3cenia \u015bw. Paw\u0142a zako\u0144czenie Tygodnia Modlitw oJedno\u015b\u0107 Chrze\u015bcijan. Od 31.01 &#8211; &hellip; <\/p>\n<p class=\"link-more\"><a href=\"https:\/\/albert.przemyska.pl\/?p=990\" class=\"more-link\">Czytaj dalej<span class=\"screen-reader-text\"> \u201e3 NIEDZIELA ZWYK\u0141A 23.01.2022.\u201d<\/span><\/a><\/p>\n","protected":false},"author":1,"featured_media":0,"comment_status":"closed","ping_status":"closed","sticky":false,"template":"","format":"standard","meta":{"footnotes":""},"categories":[3],"tags":[],"class_list":["post-990","post","type-post","status-publish","format-standard","hentry","category-ogloszenia"],"_links":{"self":[{"href":"https:\/\/albert.przemyska.pl\/index.php?rest_route=\/wp\/v2\/posts\/990","targetHints":{"allow":["GET"]}}],"collection":[{"href":"https:\/\/albert.przemyska.pl\/index.php?rest_route=\/wp\/v2\/posts"}],"about":[{"href":"https:\/\/albert.przemyska.pl\/index.php?rest_route=\/wp\/v2\/types\/post"}],"author":[{"embeddable":true,"href":"https:\/\/albert.przemyska.pl\/index.php?rest_route=\/wp\/v2\/users\/1"}],"replies":[{"embeddable":true,"href":"https:\/\/albert.przemyska.pl\/index.php?rest_route=%2Fwp%2Fv2%2Fcomments&post=990"}],"version-history":[{"count":1,"href":"https:\/\/albert.przemyska.pl\/index.php?rest_route=\/wp\/v2\/posts\/990\/revisions"}],"predecessor-version":[{"id":992,"href":"https:\/\/albert.przemyska.pl\/index.php?rest_route=\/wp\/v2\/posts\/990\/revisions\/992"}],"wp:attachment":[{"href":"https:\/\/albert.przemyska.pl\/index.php?rest_route=%2Fwp%2Fv2%2Fmedia&parent=990"}],"wp:term":[{"taxonomy":"category","embeddable":true,"href":"https:\/\/albert.przemyska.pl\/index.php?rest_route=%2Fwp%2Fv2%2Fcategories&post=990"},{"taxonomy":"post_tag","embeddable":true,"href":"https:\/\/albert.przemyska.pl\/index.php?rest_route=%2Fwp%2Fv2%2Ftags&post=990"}],"curies":[{"name":"wp","href":"https:\/\/api.w.org\/{rel}","templated":true}]}}