{"id":994,"date":"2022-02-14T11:01:00","date_gmt":"2022-02-14T10:01:00","guid":{"rendered":"https:\/\/albert.przemyska.pl\/?p=994"},"modified":"2022-02-16T11:03:51","modified_gmt":"2022-02-16T10:03:51","slug":"6-niedziela-zwykla-13-02-2022","status":"publish","type":"post","link":"https:\/\/albert.przemyska.pl\/?p=994","title":{"rendered":"6 NIEDZIELA ZWYK\u0141A\u00a013.02.2022"},"content":{"rendered":"\n<p>OG\u0141OSZENIA DUSZPASTERSKIE<\/p>\n\n\n\n<p><strong>1.<\/strong> O <strong>godz. 17.30<\/strong><strong>nabo\u017ce\u0144stwo do Bo\u017cego Mi\u0142osierdzia<\/strong>. Dzisiejsza sk\u0142adka mszalna przeznaczona jest na potrzeby naszej parafii. Bardzo prosimy o ofiary przeznaczone w tym czasie na ogrzewanie \u015bwi\u0105tyni i serdecznie za nie dzisiaj dzi\u0119kujemy.<\/p>\n\n\n\n<p><strong>2.<\/strong> Duszpasterstwo M\u0142odzie\u017cy serdecznie zaprasza m\u0142odzie\u017c od VII klasy szko\u0142y podstawowej do pos\u0142ugi w Diakonii Muzycznej Archidiecezji Przemyskiej &#8211; \u015bpiew, gra na instrumentach. Najbli\u017csze <strong>warsztaty Diakonii Muzycznej<\/strong> odb\u0119d\u0105 si\u0119 podczas ferii, tj. w dniach <strong>11-16 lutego br.<\/strong> Gor\u0105co zach\u0119camy m\u0142odych.<\/p>\n\n\n\n<p><strong>3.<\/strong> Ulotki z informacj\u0105 o mo\u017cliwo\u015bci przekazania wsparcia dla przemyskich misjonarzy znajduj\u0105 si\u0119 przy prasie oraz na stoliku przy wyj\u015bciu z ko\u015bcio\u0142a.&nbsp;<\/p>\n\n\n\n<p><strong>4.<\/strong> Dzi\u0119kujemy parafianom z <strong>II klatki bloku nr 20<\/strong> przy ul. St. Augusta za ofiary na sprz\u0105tanie i wystr\u00f3j \u015bwi\u0105tyni. Teraz prosimy o ofiary parafian z <strong>klatki III bloku nr 20<\/strong> przy ul. St. Augusta.<\/p>\n\n\n\n<p><strong>5<\/strong>. W tym tygodniu w liturgii Ko\u015bcio\u0142a obchodzimy w poniedzia\u0142ek <strong>\u015bwi\u0119to \u015bw. Cyryla i Metodego<\/strong>, patron\u00f3w Europy. W parafii na Kazanowie odpust parafialny. Uroczysta Msza \u015bw. odpustowa o godz. 18.00.<\/p>\n\n\n\n<p><strong>6<\/strong>. Z racji ferii zimowych <strong>KANCELARIA PARAFIALNA<\/strong> czynna <strong>p\u00f3\u0142 godziny po Mszy \u015bw. wieczornej<\/strong>.<\/p>\n\n\n\n<p><strong>7.<\/strong> Zach\u0119camy jak zawsze bardzo gor\u0105co do lektury Niedzieli i Go\u015bcia Niedzielnego. Warto pog\u0142\u0119bia\u0107 spojrzenie na dzisiejszy \u015bwiat i niepokoj\u0105ce problemy poprzez \u015bwiat\u0142o Ewangelii. Przyjmijcie dar Bo\u017cego b\u0142ogos\u0142awie\u0144stwa.<\/p>\n","protected":false},"excerpt":{"rendered":"<p>OG\u0141OSZENIA DUSZPASTERSKIE 1. O godz. 17.30nabo\u017ce\u0144stwo do Bo\u017cego Mi\u0142osierdzia. Dzisiejsza sk\u0142adka mszalna przeznaczona jest na potrzeby naszej parafii. Bardzo prosimy o ofiary przeznaczone w tym czasie na ogrzewanie \u015bwi\u0105tyni i serdecznie za nie dzisiaj dzi\u0119kujemy. 2. Duszpasterstwo M\u0142odzie\u017cy serdecznie zaprasza m\u0142odzie\u017c od VII klasy szko\u0142y podstawowej do pos\u0142ugi w Diakonii Muzycznej Archidiecezji Przemyskiej &#8211; \u015bpiew, &hellip; <\/p>\n<p class=\"link-more\"><a href=\"https:\/\/albert.przemyska.pl\/?p=994\" class=\"more-link\">Czytaj dalej<span class=\"screen-reader-text\"> \u201e6 NIEDZIELA ZWYK\u0141A\u00a013.02.2022\u201d<\/span><\/a><\/p>\n","protected":false},"author":1,"featured_media":0,"comment_status":"closed","ping_status":"closed","sticky":false,"template":"","format":"standard","meta":{"footnotes":""},"categories":[3],"tags":[],"class_list":["post-994","post","type-post","status-publish","format-standard","hentry","category-ogloszenia"],"_links":{"self":[{"href":"https:\/\/albert.przemyska.pl\/index.php?rest_route=\/wp\/v2\/posts\/994","targetHints":{"allow":["GET"]}}],"collection":[{"href":"https:\/\/albert.przemyska.pl\/index.php?rest_route=\/wp\/v2\/posts"}],"about":[{"href":"https:\/\/albert.przemyska.pl\/index.php?rest_route=\/wp\/v2\/types\/post"}],"author":[{"embeddable":true,"href":"https:\/\/albert.przemyska.pl\/index.php?rest_route=\/wp\/v2\/users\/1"}],"replies":[{"embeddable":true,"href":"https:\/\/albert.przemyska.pl\/index.php?rest_route=%2Fwp%2Fv2%2Fcomments&post=994"}],"version-history":[{"count":1,"href":"https:\/\/albert.przemyska.pl\/index.php?rest_route=\/wp\/v2\/posts\/994\/revisions"}],"predecessor-version":[{"id":996,"href":"https:\/\/albert.przemyska.pl\/index.php?rest_route=\/wp\/v2\/posts\/994\/revisions\/996"}],"wp:attachment":[{"href":"https:\/\/albert.przemyska.pl\/index.php?rest_route=%2Fwp%2Fv2%2Fmedia&parent=994"}],"wp:term":[{"taxonomy":"category","embeddable":true,"href":"https:\/\/albert.przemyska.pl\/index.php?rest_route=%2Fwp%2Fv2%2Fcategories&post=994"},{"taxonomy":"post_tag","embeddable":true,"href":"https:\/\/albert.przemyska.pl\/index.php?rest_route=%2Fwp%2Fv2%2Ftags&post=994"}],"curies":[{"name":"wp","href":"https:\/\/api.w.org\/{rel}","templated":true}]}}