{"id":997,"date":"2022-02-20T18:20:02","date_gmt":"2022-02-20T17:20:02","guid":{"rendered":"https:\/\/albert.przemyska.pl\/?p=997"},"modified":"2022-02-20T18:20:02","modified_gmt":"2022-02-20T17:20:02","slug":"7-niedziela-zwykla-20-02-2022","status":"publish","type":"post","link":"https:\/\/albert.przemyska.pl\/?p=997","title":{"rendered":"7 NIEDZIELA ZWYK\u0141A 20.02.2022."},"content":{"rendered":"\n<p class=\"has-text-align-center has-vivid-green-cyan-color has-text-color\"><strong>OG\u0141OSZENIA DUSZPASTERSKIE<\/strong><\/p>\n\n\n\n<ol class=\"wp-block-list\"><li>O godz. 17.30 nabo\u017ce\u0144stwo r\u00f3\u017ca\u0144cowe w intencji pokoju dla narod\u00f3w Europy. Po<br>Mszach \u015bw. \u015bpiewane s\u0105 suplikacje jako b\u0142aganie o zachowanie \u015bwiata od wojny oraz o dar<br>pokoju.<\/li><li>Przemyski Oddzia\u0142 PTTK oraz Ko\u0142o Przewodnik\u00f3w zapraszaj\u0105 wszystkich ch\u0119tnych do<br>udzia\u0142u w obchodach Mi\u0119dzynarodowego Dnia Przewodnika Turystycznego. W<br>poniedzia\u0142ek [21 lutego] mo\u017cna zwiedzi\u0107 zakamarki ko\u015bcio\u0142a i klasztoru OO.<br>Reformat\u00f3w. Wej\u015bcia b\u0119d\u0105 z przewodnikiem od g. 19.00 co 15 minut. Zach\u0119camy do<br>poznawania pi\u0119kna naszego miasta.<\/li><li>Dzi\u0119kujemy parafianom z III klatki bloku nr 20 przy ul. St. Augusta za ofiary na<br>sprz\u0105tanie i wystr\u00f3j \u015bwi\u0105tyni. Teraz prosimy o ofiary parafian z klatki I bloku nr 20 A.<\/li><li>W tym tygodniu w liturgii Ko\u015bcio\u0142a obchodzimy we wtorek \u015bwi\u0119to Katedry \u015bw. Piotra.<br>W modlitwie b\u0119dziemy poleca\u0107 pos\u0142ug\u0119 papie\u017ca Franciszka, w katedrze mo\u017cna zyska\u0107<br>odpust zupe\u0142ny pod zwyk\u0142ymi warunkami. W \u015brod\u0119 w liturgii wspominamy \u015bw. Polikarpa,<br>m\u0119cz.<\/li><li>W marcu odbywa\u0107 si\u0119 b\u0119d\u0105 KATECHEZY PRZEDMA\u0141\u017bE\u0143SKIE w Parafii na<br>Kazanowie. Spotkania w poniedzia\u0142ki, \u015brody i pi\u0105tki o godz. 19.00.<\/li><li>W \u015aROD\u0118 POPIELCOW\u0104 rozpoczniemy PARAFIALNE REKOLEKCJE<br>WIELKOPOSTNE. Nauki rekolekcyjne na Mszach \u015bw. o godz. 8.00, 16.00 i 18.00.<br>W CZWARTEK \u2013 adoracja od godz. 17.00 i nauka rekolekcyjna na Mszy \u015bw. o godz.<br>18.00.<br>W PI\u0104TEK &#8211; Rekolekcyjna droga krzy\u017cowa o godz. 17.30. O godz. 19.30 droga krzy\u017cowa<br>po\u0142\u0105czona z nauk\u0105 rekolekcyjn\u0105 dla m\u0142odzie\u017cy [zapraszamy m\u0142odzie\u017c gimnazjaln\u0105 &#8211; w<br>ramach comiesi\u0119cznego spotkania formacyjnego, a tak\u017ce m\u0142odzie\u017c ze szk\u00f3\u0142 \u015brednich i<br>m\u0142odzie\u017c pracuj\u0105c\u0105]. Nauka rekolekcyjna na Mszy \u015bw. o godz. 18.00.<br>W SOBOT\u0118 &#8211; wieczorem o godz. 18.00 Msza \u015bw. z nauk\u0105 rekolekcyjn\u0105, poprzedzona.<br>adoracj\u0105 i r\u00f3\u017ca\u0144cem fatimskim.<br>W NIEDZIEL\u0118 nauki rekolekcyjne b\u0119d\u0105 na wszystkich Mszach \u015bw. Natomiast po Mszach<br>\u015bw. o godz. 10.00 i 11.30 b\u0119d\u0105 katechezy dla ma\u0142\u017conk\u00f3w i rodzic\u00f3w.<br>W czasie Gorzkich \u017bali rekolekcyjne kazanie pasyjne.<\/li><li>Z racji ferii zimowych KANCELARIA PARAFIALNA czynna p\u00f3\u0142 godziny po Mszy<br>\u015bw. wieczornej. Zach\u0119camy jak zawsze bardzo gor\u0105co do lektury Niedzieli i Go\u015bcia<br>Niedzielnego.. Przyjmijcie dar Bo\u017cego b\u0142ogos\u0142awie\u0144stwa.<\/li><\/ol>\n","protected":false},"excerpt":{"rendered":"<p>OG\u0141OSZENIA DUSZPASTERSKIE O godz. 17.30 nabo\u017ce\u0144stwo r\u00f3\u017ca\u0144cowe w intencji pokoju dla narod\u00f3w Europy. PoMszach \u015bw. \u015bpiewane s\u0105 suplikacje jako b\u0142aganie o zachowanie \u015bwiata od wojny oraz o darpokoju. Przemyski Oddzia\u0142 PTTK oraz Ko\u0142o Przewodnik\u00f3w zapraszaj\u0105 wszystkich ch\u0119tnych doudzia\u0142u w obchodach Mi\u0119dzynarodowego Dnia Przewodnika Turystycznego. Wponiedzia\u0142ek [21 lutego] mo\u017cna zwiedzi\u0107 zakamarki ko\u015bcio\u0142a i klasztoru OO.Reformat\u00f3w. Wej\u015bcia &hellip; <\/p>\n<p class=\"link-more\"><a href=\"https:\/\/albert.przemyska.pl\/?p=997\" class=\"more-link\">Czytaj dalej<span class=\"screen-reader-text\"> \u201e7 NIEDZIELA ZWYK\u0141A 20.02.2022.\u201d<\/span><\/a><\/p>\n","protected":false},"author":1,"featured_media":998,"comment_status":"closed","ping_status":"closed","sticky":false,"template":"","format":"standard","meta":{"footnotes":""},"categories":[3],"tags":[],"class_list":["post-997","post","type-post","status-publish","format-standard","has-post-thumbnail","hentry","category-ogloszenia"],"_links":{"self":[{"href":"https:\/\/albert.przemyska.pl\/index.php?rest_route=\/wp\/v2\/posts\/997","targetHints":{"allow":["GET"]}}],"collection":[{"href":"https:\/\/albert.przemyska.pl\/index.php?rest_route=\/wp\/v2\/posts"}],"about":[{"href":"https:\/\/albert.przemyska.pl\/index.php?rest_route=\/wp\/v2\/types\/post"}],"author":[{"embeddable":true,"href":"https:\/\/albert.przemyska.pl\/index.php?rest_route=\/wp\/v2\/users\/1"}],"replies":[{"embeddable":true,"href":"https:\/\/albert.przemyska.pl\/index.php?rest_route=%2Fwp%2Fv2%2Fcomments&post=997"}],"version-history":[{"count":1,"href":"https:\/\/albert.przemyska.pl\/index.php?rest_route=\/wp\/v2\/posts\/997\/revisions"}],"predecessor-version":[{"id":999,"href":"https:\/\/albert.przemyska.pl\/index.php?rest_route=\/wp\/v2\/posts\/997\/revisions\/999"}],"wp:featuredmedia":[{"embeddable":true,"href":"https:\/\/albert.przemyska.pl\/index.php?rest_route=\/wp\/v2\/media\/998"}],"wp:attachment":[{"href":"https:\/\/albert.przemyska.pl\/index.php?rest_route=%2Fwp%2Fv2%2Fmedia&parent=997"}],"wp:term":[{"taxonomy":"category","embeddable":true,"href":"https:\/\/albert.przemyska.pl\/index.php?rest_route=%2Fwp%2Fv2%2Fcategories&post=997"},{"taxonomy":"post_tag","embeddable":true,"href":"https:\/\/albert.przemyska.pl\/index.php?rest_route=%2Fwp%2Fv2%2Ftags&post=997"}],"curies":[{"name":"wp","href":"https:\/\/api.w.org\/{rel}","templated":true}]}}